{"id":16005,"date":"2021-07-03T12:10:28","date_gmt":"2021-07-03T17:10:28","guid":{"rendered":"https:\/\/encuentroinformativo.com.mx\/?p=16005"},"modified":"2021-07-03T12:10:30","modified_gmt":"2021-07-03T17:10:30","slug":"agreden-elementos-de-ssp-a-periodistas-que-cubrian-bloqueo","status":"publish","type":"post","link":"https:\/\/encuentroinformativo.com.mx\/?p=16005","title":{"rendered":"Agreden elementos de SSP a periodistas que cubr\u00edan bloqueo"},"content":{"rendered":"\n<p><strong>Dar\u00edo Pale <\/strong><\/p>\n\n\n\n<p>Xalapa, Ver.- Al asistir a cubrir la manifestaci\u00f3n sobre la autopista Nuevo Teapa-Cosoleacaque algunos reporteros fueron golpeados por elementos de la polic\u00eda estatal y les quitaron sus equipos de trabajo.<\/p>\n\n\n\n<p>La ma\u00f1ana de este s\u00e1bado, elementos de la Polic\u00eda Estatal golpearon a por lo menos 5 periodistas del sur de Veracruz, cuando los elementos uniformados llegaron a la autopista Nuevo Teapa-Cosoleacaque, misma que ya que ten\u00eda m\u00e1s de 12 horas bloqueada por inconformes, quienes exig\u00edan la liberaci\u00f3n de una persona que habr\u00eda sido detenida por elementos de la Fuerza Civil.<\/p>\n\n\n\n<p>Durante el violento desalojo, fueron agredidos 4 reporteros de Nanchital y uno de Coatzacoalcos.<\/p>\n\n\n\n<p>Los comunicadores llegaron a cubrir \u00a0el violento desalojo y en el que hasta disparos hubo por parte de los elementos estatales, cuando sin m\u00e1s fueron golpeados, incluso los polic\u00edas se le fueron encima a algunos automovilistas para que abrieran \u00a0paso cuando ellos caminaban.<\/p>\n\n\n\n<p>Tras ver como eran grabados por los periodistas se fueron contra ellos a macanazos y golpes.<\/p>\n\n\n\n<p>Los elementos de la Secretar\u00eda de Seguridad P\u00fablica les quitaron sus equipos de trabajo, pero qued\u00f3 grabada la agresi\u00f3n en video.<\/p>\n","protected":false},"excerpt":{"rendered":"<p>Dar\u00edo Pale Xalapa, Ver.- Al asistir a cubrir la manifestaci\u00f3n sobre la autopista Nuevo Teapa-Cosoleacaque algunos reporteros fueron golpeados por elementos de la polic\u00eda estatal y les quitaron sus equipos de trabajo. La ma\u00f1ana de este s\u00e1bado, elementos de la Polic\u00eda Estatal golpearon a por lo menos 5 periodistas del sur de Veracruz, cuando los [&hellip;]<\/p>\n","protected":false},"author":1,"featured_media":16006,"comment_status":"open","ping_status":"open","sticky":false,"template":"","format":"standard","meta":{"_jetpack_memberships_contains_paid_content":false,"footnotes":""},"categories":[2],"tags":[],"class_list":["post-16005","post","type-post","status-publish","format-standard","has-post-thumbnail","hentry","category-estado"],"jetpack_featured_media_url":"https:\/\/encuentroinformativo.com.mx\/wp-content\/uploads\/2021\/07\/73FE9BB4-90B0-4ECD-ACBA-29B1A7C77648.jpeg","jetpack_sharing_enabled":true,"jetpack_likes_enabled":true,"amp_enabled":true,"_links":{"self":[{"href":"https:\/\/encuentroinformativo.com.mx\/index.php?rest_route=\/wp\/v2\/posts\/16005","targetHints":{"allow":["GET"]}}],"collection":[{"href":"https:\/\/encuentroinformativo.com.mx\/index.php?rest_route=\/wp\/v2\/posts"}],"about":[{"href":"https:\/\/encuentroinformativo.com.mx\/index.php?rest_route=\/wp\/v2\/types\/post"}],"author":[{"embeddable":true,"href":"https:\/\/encuentroinformativo.com.mx\/index.php?rest_route=\/wp\/v2\/users\/1"}],"replies":[{"embeddable":true,"href":"https:\/\/encuentroinformativo.com.mx\/index.php?rest_route=%2Fwp%2Fv2%2Fcomments&post=16005"}],"version-history":[{"count":1,"href":"https:\/\/encuentroinformativo.com.mx\/index.php?rest_route=\/wp\/v2\/posts\/16005\/revisions"}],"predecessor-version":[{"id":16007,"href":"https:\/\/encuentroinformativo.com.mx\/index.php?rest_route=\/wp\/v2\/posts\/16005\/revisions\/16007"}],"wp:featuredmedia":[{"embeddable":true,"href":"https:\/\/encuentroinformativo.com.mx\/index.php?rest_route=\/wp\/v2\/media\/16006"}],"wp:attachment":[{"href":"https:\/\/encuentroinformativo.com.mx\/index.php?rest_route=%2Fwp%2Fv2%2Fmedia&parent=16005"}],"wp:term":[{"taxonomy":"category","embeddable":true,"href":"https:\/\/encuentroinformativo.com.mx\/index.php?rest_route=%2Fwp%2Fv2%2Fcategories&post=16005"},{"taxonomy":"post_tag","embeddable":true,"href":"https:\/\/encuentroinformativo.com.mx\/index.php?rest_route=%2Fwp%2Fv2%2Ftags&post=16005"}],"curies":[{"name":"wp","href":"https:\/\/api.w.org\/{rel}","templated":true}]}}