{"id":16015,"date":"2021-07-03T16:23:48","date_gmt":"2021-07-03T21:23:48","guid":{"rendered":"https:\/\/encuentroinformativo.com.mx\/?p=16015"},"modified":"2021-07-03T16:23:52","modified_gmt":"2021-07-03T21:23:52","slug":"analiza-sev-estrategias-para-distribucion-de-cuadernillos","status":"publish","type":"post","link":"https:\/\/encuentroinformativo.com.mx\/?p=16015","title":{"rendered":"Analiza SEV estrategias para distribuci\u00f3n de cuadernillos"},"content":{"rendered":"\n<p><strong>Dar\u00edo Pale\u00a0<\/strong><\/p>\n\n\n\n<p>Xalapa, Ver.- La Secretar\u00eda de Educaci\u00f3n de Veracruz (SEV) ya analiza la estrategia de distribuci\u00f3n de cuadernillos de libros de texto gratuitos en escuelas de educaci\u00f3n b\u00e1sica del estado, por lo que est\u00e1n ya verificando que el pr\u00f3ximo ciclo escolar cuente con lo necesario.<\/p>\n\n\n\n<p>Entrevistado en las calles del centro de Xalapa el subsecretario de Desarrollo Educativo, Mois\u00e9s P\u00e9rez Dom\u00ednguez dijo que a\u00fan no se define, pero garantiz\u00f3 que todos los alumnos contar\u00e1n con este material.<\/p>\n\n\n\n<p>&#8220;Estamos pensando c\u00f3mo dotar de lo necesario para el nuevo inicio de ciclo escolar, que es un tema que nos toca. La distribuci\u00f3n de los libros de texto para que todos puedan contar con ellos al inicio del pr\u00f3ximo ciclo escolar, a\u00fan con el asunto de la pandemia&#8221;, coment\u00f3.<\/p>\n\n\n\n<p>Precis\u00f3 que todo se har\u00e1 cuando la entidad est\u00e9 en sem\u00e1foro verde, de acuerdo a la instrucci\u00f3n del Gobierno Federal que se seguir\u00e1 &#8220;al pie de la letra&#8221;.<\/p>\n\n\n\n<p>Afirm\u00f3 que independientemente de que las clases sean virtuales o presenciales, la subsecretar\u00eda a su cargo deber\u00e1 preveer que todos los ni\u00f1os, ni\u00f1as y j\u00f3venes del estado cuenten con este elemento tan fundamental en el aprendizaje.&nbsp;<\/p>\n\n\n\n<p>La distribuci\u00f3n se har\u00e1 a trav\u00e9s de los 19 almacenes de esta \u00e1rea ubicados en todo el estado, de igual forma dijo que si es necesario, seguir\u00e1n &nbsp;distribuy\u00e9ndose m\u00e1s cuadernillos de apoyo para las clases a distancia.<\/p>\n\n\n\n<p>Sobre el posible regreso a clases presenciales, expres\u00f3 que la instrucci\u00f3n se maneja a nivel federal y que esperar\u00e1n a que se d\u00e9 el cambio en el sem\u00e1foro epidemiol\u00f3gico, para poder plantear la estrategia.&nbsp;<\/p>\n\n\n\n<p>Finalmente dio a conocer que el cuadernillo auxiliar que se implement\u00f3 para la educaci\u00f3n a distancia, sobre todo en las zonas m\u00e1s alejadas, ya se ha entregado a todos los alumnos y precis\u00f3 que hasta el momento la cantidad entregada ha sido suficiente.<\/p>\n","protected":false},"excerpt":{"rendered":"<p>Dar\u00edo Pale\u00a0 Xalapa, Ver.- La Secretar\u00eda de Educaci\u00f3n de Veracruz (SEV) ya analiza la estrategia de distribuci\u00f3n de cuadernillos de libros de texto gratuitos en escuelas de educaci\u00f3n b\u00e1sica del estado, por lo que est\u00e1n ya verificando que el pr\u00f3ximo ciclo escolar cuente con lo necesario. Entrevistado en las calles del centro de Xalapa el [&hellip;]<\/p>\n","protected":false},"author":2476,"featured_media":16016,"comment_status":"open","ping_status":"open","sticky":false,"template":"","format":"standard","meta":{"_jetpack_memberships_contains_paid_content":false,"footnotes":""},"categories":[2],"tags":[],"class_list":["post-16015","post","type-post","status-publish","format-standard","has-post-thumbnail","hentry","category-estado"],"jetpack_featured_media_url":"https:\/\/encuentroinformativo.com.mx\/wp-content\/uploads\/2021\/07\/Moises-Perez-subsecretario-SEV-.jpg","jetpack_sharing_enabled":true,"jetpack_likes_enabled":true,"amp_enabled":true,"_links":{"self":[{"href":"https:\/\/encuentroinformativo.com.mx\/index.php?rest_route=\/wp\/v2\/posts\/16015","targetHints":{"allow":["GET"]}}],"collection":[{"href":"https:\/\/encuentroinformativo.com.mx\/index.php?rest_route=\/wp\/v2\/posts"}],"about":[{"href":"https:\/\/encuentroinformativo.com.mx\/index.php?rest_route=\/wp\/v2\/types\/post"}],"author":[{"embeddable":true,"href":"https:\/\/encuentroinformativo.com.mx\/index.php?rest_route=\/wp\/v2\/users\/2476"}],"replies":[{"embeddable":true,"href":"https:\/\/encuentroinformativo.com.mx\/index.php?rest_route=%2Fwp%2Fv2%2Fcomments&post=16015"}],"version-history":[{"count":1,"href":"https:\/\/encuentroinformativo.com.mx\/index.php?rest_route=\/wp\/v2\/posts\/16015\/revisions"}],"predecessor-version":[{"id":16017,"href":"https:\/\/encuentroinformativo.com.mx\/index.php?rest_route=\/wp\/v2\/posts\/16015\/revisions\/16017"}],"wp:featuredmedia":[{"embeddable":true,"href":"https:\/\/encuentroinformativo.com.mx\/index.php?rest_route=\/wp\/v2\/media\/16016"}],"wp:attachment":[{"href":"https:\/\/encuentroinformativo.com.mx\/index.php?rest_route=%2Fwp%2Fv2%2Fmedia&parent=16015"}],"wp:term":[{"taxonomy":"category","embeddable":true,"href":"https:\/\/encuentroinformativo.com.mx\/index.php?rest_route=%2Fwp%2Fv2%2Fcategories&post=16015"},{"taxonomy":"post_tag","embeddable":true,"href":"https:\/\/encuentroinformativo.com.mx\/index.php?rest_route=%2Fwp%2Fv2%2Ftags&post=16015"}],"curies":[{"name":"wp","href":"https:\/\/api.w.org\/{rel}","templated":true}]}}