{"id":16018,"date":"2021-07-03T16:51:34","date_gmt":"2021-07-03T21:51:34","guid":{"rendered":"https:\/\/encuentroinformativo.com.mx\/?p=16018"},"modified":"2021-07-03T16:51:38","modified_gmt":"2021-07-03T21:51:38","slug":"por-semaforo-rojo-suspenden-feria-artesanal","status":"publish","type":"post","link":"https:\/\/encuentroinformativo.com.mx\/?p=16018","title":{"rendered":"Por sem\u00e1foro rojo, suspenden Feria Artesanal"},"content":{"rendered":"\n<p><strong>Dar\u00edo Pale\u00a0<\/strong><\/p>\n\n\n\n<p>Xalapa, Ver.- Debido al retroceso en el sem\u00e1foro epidemiol\u00f3gico al color rojo en Xalapa suspenden la Feria Artesanal y Folkl\u00f3rica que se realizaba en la Plaza Lerdo.<\/p>\n\n\n\n<p>La ma\u00f1ana de este s\u00e1bado fue suspendida la Feria Artesanal y Folkl\u00f3rica organizada por la Secretar\u00eda de Gobierno en Veracruz con motivo del cambio de naranja a rojo que a nivel regional tuvo la ciudad de Xalapa.<\/p>\n\n\n\n<p>Dicho evento organizado para promover la cultura y venta de productos artesanales de distintos municipios del estado se desarrollaba en la plaza Sebasti\u00e1n Lerdo de Tejada, frente al Palacio de Gobierno.&nbsp;<\/p>\n\n\n\n<p>Adem\u00e1s de la venta de productos y alimentos, tambi\u00e9n se desarrollaban actividades art\u00edsticas, la feria estaba programada para que concluyera hasta este d\u00eda s\u00e1bado, pero no fue as\u00ed desde temprana hora los comerciantes comenzaron a retirar sus puestos.<\/p>\n\n\n\n<p>Xalapa y el municipio de Veracruz son los dos municipios en el estado que registran riesgo alto por el aumento de casos de COVID-19, esto de acuerdo a la Secretar\u00eda de Salud, Xalapa regresa al sem\u00e1foro rojo a partir del lunes 05 de julio.<\/p>\n\n\n\n<p>Finalmente cabe se\u00f1alar que a comparaci\u00f3n del a\u00f1o pasado, cuando durante junio se registraron 319 casos, en este 2021 hubo 527.<\/p>\n","protected":false},"excerpt":{"rendered":"<p>Dar\u00edo Pale\u00a0 Xalapa, Ver.- Debido al retroceso en el sem\u00e1foro epidemiol\u00f3gico al color rojo en Xalapa suspenden la Feria Artesanal y Folkl\u00f3rica que se realizaba en la Plaza Lerdo. La ma\u00f1ana de este s\u00e1bado fue suspendida la Feria Artesanal y Folkl\u00f3rica organizada por la Secretar\u00eda de Gobierno en Veracruz con motivo del cambio de naranja [&hellip;]<\/p>\n","protected":false},"author":2476,"featured_media":16019,"comment_status":"open","ping_status":"open","sticky":false,"template":"","format":"standard","meta":{"_jetpack_memberships_contains_paid_content":false,"footnotes":""},"categories":[3],"tags":[],"class_list":["post-16018","post","type-post","status-publish","format-standard","has-post-thumbnail","hentry","category-xalapa"],"jetpack_featured_media_url":"https:\/\/encuentroinformativo.com.mx\/wp-content\/uploads\/2021\/07\/suspenden-feria-artesanal-.jpg","jetpack_sharing_enabled":true,"jetpack_likes_enabled":true,"amp_enabled":true,"_links":{"self":[{"href":"https:\/\/encuentroinformativo.com.mx\/index.php?rest_route=\/wp\/v2\/posts\/16018","targetHints":{"allow":["GET"]}}],"collection":[{"href":"https:\/\/encuentroinformativo.com.mx\/index.php?rest_route=\/wp\/v2\/posts"}],"about":[{"href":"https:\/\/encuentroinformativo.com.mx\/index.php?rest_route=\/wp\/v2\/types\/post"}],"author":[{"embeddable":true,"href":"https:\/\/encuentroinformativo.com.mx\/index.php?rest_route=\/wp\/v2\/users\/2476"}],"replies":[{"embeddable":true,"href":"https:\/\/encuentroinformativo.com.mx\/index.php?rest_route=%2Fwp%2Fv2%2Fcomments&post=16018"}],"version-history":[{"count":1,"href":"https:\/\/encuentroinformativo.com.mx\/index.php?rest_route=\/wp\/v2\/posts\/16018\/revisions"}],"predecessor-version":[{"id":16020,"href":"https:\/\/encuentroinformativo.com.mx\/index.php?rest_route=\/wp\/v2\/posts\/16018\/revisions\/16020"}],"wp:featuredmedia":[{"embeddable":true,"href":"https:\/\/encuentroinformativo.com.mx\/index.php?rest_route=\/wp\/v2\/media\/16019"}],"wp:attachment":[{"href":"https:\/\/encuentroinformativo.com.mx\/index.php?rest_route=%2Fwp%2Fv2%2Fmedia&parent=16018"}],"wp:term":[{"taxonomy":"category","embeddable":true,"href":"https:\/\/encuentroinformativo.com.mx\/index.php?rest_route=%2Fwp%2Fv2%2Fcategories&post=16018"},{"taxonomy":"post_tag","embeddable":true,"href":"https:\/\/encuentroinformativo.com.mx\/index.php?rest_route=%2Fwp%2Fv2%2Ftags&post=16018"}],"curies":[{"name":"wp","href":"https:\/\/api.w.org\/{rel}","templated":true}]}}