{"id":16027,"date":"2021-07-04T14:14:00","date_gmt":"2021-07-04T19:14:00","guid":{"rendered":"https:\/\/encuentroinformativo.com.mx\/?p=16027"},"modified":"2021-07-04T14:14:04","modified_gmt":"2021-07-04T19:14:04","slug":"protestan-en-veracruz-puerto-contra-agresiones-de-ssp-a-reporteros","status":"publish","type":"post","link":"https:\/\/encuentroinformativo.com.mx\/?p=16027","title":{"rendered":"Protestan  en Veracruz puerto contra agresiones de SSP a reporteros"},"content":{"rendered":"\n<p><strong>Redacci\u00f3n<\/strong><\/p>\n\n\n\n<p>Veracruz, Ver. \u2013 Reporteros de la zona conurbada Veracruz \u2013 Boca del R\u00edo se manifestaron esta ma\u00f1ana afuera de las instalaciones del C5 en el bulevar \u201cAdolfo Ruiz Cortines\u201d, repudiando las agresiones a compa\u00f1eros en Moloac\u00e1n y Amatl\u00e1n de los Reyes.<\/p>\n\n\n\n<p>Este s\u00e1bado 3 de junio elementos del \u00e1rea de Antimotines de la Secretar\u00eda de Seguridad P\u00fablica agredieron a cinco reporteros y los despojaron de sus tel\u00e9fonos celulares mientras documentaban el cierre carretero en la autopista federal Coatzacoalcos \u2013 Villahermosa, a la altura de la localidad de Nuevo Teapa en el municipio de Moloac\u00e1n.<br>M\u00e1s tarde, en Amatl\u00e1n de los Reyes, el autom\u00f3vil de foto periodista Oscar Mart\u00ednez fue golpeado a \u201cmacanazos\u201d por personal del \u00e1rea Antimotines, rompi\u00e9ndole el espejo lateral y dejando abolladuras en puertas y cofre del veh\u00edculo.<\/p>\n\n\n\n<p>Los periodistas hicieron un llamado al gobernador del Estado, Cuitl\u00e1huac Garc\u00eda Jim\u00e9nez; al secretario de Gobierno, Eric Patrocinio Cisneros Burgos; y al secretario de Seguridad P\u00fablica, Hugo Guti\u00e9rrez Maldonado, para que cesen los ataques en contra de los representantes de los medios de comunicaci\u00f3n.<\/p>\n\n\n\n<p>\u201cEn este momento se puede decir como m\u00ednimo, que solamente fueron algunos golpes, pero no queremos que pase a mayores, recordemos que Veracruz es de los Estados con mayor \u00edndice de muertes de periodistas; y de la misma manera, tambi\u00e9n queremos hacer un llamado para el Congreso del Estado, para que si es posible todav\u00eda en esta Legislatura y sino en la siguiente que entra en el mes de noviembre, puedan echar abajo la reforma que hizo, a la aprobaci\u00f3n de la Ley de Ultrajes a la autoridad, puesto que esto tambi\u00e9n vulnera nuestra labor period\u00edstica.<\/p>\n\n\n\n<p>Nosotros tenemos a\u00f1os trabajando en esto, tenemos cursos con la CEAPP, tenemos cursos con Articulo 19, y debido a la experiencia conocemos los protocolos que se deben hacer, sobre todo en coberturas de hechos delictivos\u201d, declar\u00f3 el reportero Alejandro \u00c1vila.<\/p>\n\n\n\n<p>Finalmente y de manera simb\u00f3lica, los representantes de los medios de comunicaci\u00f3n, hicieron un breve cierre de la vialidad, donde mostraron sus pancartas que dec\u00edan, \u201cRepresi\u00f3n NO, Libertad de Prensa, S\u00cd\u201d; \u201cRespeto al Periodismo, SSP golpea a la Prensa\u201d, \u201cAlto a la Represi\u00f3n de SSP\u201d.\u00a0<\/p>\n\n\n\n<figure class=\"wp-block-image size-large\"><img loading=\"lazy\" decoding=\"async\" width=\"1024\" height=\"683\" src=\"https:\/\/encuentroinformativo.com.mx\/wp-content\/uploads\/2021\/07\/DBAD2721-D5E9-4ACB-851F-EE1138C1BA74-1024x683.jpeg\" alt=\"\" class=\"wp-image-16029\" srcset=\"https:\/\/encuentroinformativo.com.mx\/wp-content\/uploads\/2021\/07\/DBAD2721-D5E9-4ACB-851F-EE1138C1BA74-1024x683.jpeg 1024w, https:\/\/encuentroinformativo.com.mx\/wp-content\/uploads\/2021\/07\/DBAD2721-D5E9-4ACB-851F-EE1138C1BA74-300x200.jpeg 300w, https:\/\/encuentroinformativo.com.mx\/wp-content\/uploads\/2021\/07\/DBAD2721-D5E9-4ACB-851F-EE1138C1BA74-768x512.jpeg 768w, https:\/\/encuentroinformativo.com.mx\/wp-content\/uploads\/2021\/07\/DBAD2721-D5E9-4ACB-851F-EE1138C1BA74-1536x1024.jpeg 1536w, https:\/\/encuentroinformativo.com.mx\/wp-content\/uploads\/2021\/07\/DBAD2721-D5E9-4ACB-851F-EE1138C1BA74.jpeg 1599w\" sizes=\"auto, (max-width: 1024px) 100vw, 1024px\" \/><\/figure>\n","protected":false},"excerpt":{"rendered":"<p>Redacci\u00f3n Veracruz, Ver. \u2013 Reporteros de la zona conurbada Veracruz \u2013 Boca del R\u00edo se manifestaron esta ma\u00f1ana afuera de las instalaciones del C5 en el bulevar \u201cAdolfo Ruiz Cortines\u201d, repudiando las agresiones a compa\u00f1eros en Moloac\u00e1n y Amatl\u00e1n de los Reyes. Este s\u00e1bado 3 de junio elementos del \u00e1rea de Antimotines de la Secretar\u00eda [&hellip;]<\/p>\n","protected":false},"author":1,"featured_media":16028,"comment_status":"open","ping_status":"open","sticky":false,"template":"","format":"standard","meta":{"_jetpack_memberships_contains_paid_content":false,"footnotes":""},"categories":[2],"tags":[],"class_list":["post-16027","post","type-post","status-publish","format-standard","has-post-thumbnail","hentry","category-estado"],"jetpack_featured_media_url":"https:\/\/encuentroinformativo.com.mx\/wp-content\/uploads\/2021\/07\/43D75868-2E63-47A2-98D3-70D9C27B46C6.jpeg","jetpack_sharing_enabled":true,"jetpack_likes_enabled":true,"amp_enabled":true,"_links":{"self":[{"href":"https:\/\/encuentroinformativo.com.mx\/index.php?rest_route=\/wp\/v2\/posts\/16027","targetHints":{"allow":["GET"]}}],"collection":[{"href":"https:\/\/encuentroinformativo.com.mx\/index.php?rest_route=\/wp\/v2\/posts"}],"about":[{"href":"https:\/\/encuentroinformativo.com.mx\/index.php?rest_route=\/wp\/v2\/types\/post"}],"author":[{"embeddable":true,"href":"https:\/\/encuentroinformativo.com.mx\/index.php?rest_route=\/wp\/v2\/users\/1"}],"replies":[{"embeddable":true,"href":"https:\/\/encuentroinformativo.com.mx\/index.php?rest_route=%2Fwp%2Fv2%2Fcomments&post=16027"}],"version-history":[{"count":1,"href":"https:\/\/encuentroinformativo.com.mx\/index.php?rest_route=\/wp\/v2\/posts\/16027\/revisions"}],"predecessor-version":[{"id":16030,"href":"https:\/\/encuentroinformativo.com.mx\/index.php?rest_route=\/wp\/v2\/posts\/16027\/revisions\/16030"}],"wp:featuredmedia":[{"embeddable":true,"href":"https:\/\/encuentroinformativo.com.mx\/index.php?rest_route=\/wp\/v2\/media\/16028"}],"wp:attachment":[{"href":"https:\/\/encuentroinformativo.com.mx\/index.php?rest_route=%2Fwp%2Fv2%2Fmedia&parent=16027"}],"wp:term":[{"taxonomy":"category","embeddable":true,"href":"https:\/\/encuentroinformativo.com.mx\/index.php?rest_route=%2Fwp%2Fv2%2Fcategories&post=16027"},{"taxonomy":"post_tag","embeddable":true,"href":"https:\/\/encuentroinformativo.com.mx\/index.php?rest_route=%2Fwp%2Fv2%2Ftags&post=16027"}],"curies":[{"name":"wp","href":"https:\/\/api.w.org\/{rel}","templated":true}]}}