{"id":16039,"date":"2021-07-05T09:27:09","date_gmt":"2021-07-05T14:27:09","guid":{"rendered":"https:\/\/encuentroinformativo.com.mx\/?p=16039"},"modified":"2021-07-05T09:27:13","modified_gmt":"2021-07-05T14:27:13","slug":"viejos-los-cerros","status":"publish","type":"post","link":"https:\/\/encuentroinformativo.com.mx\/?p=16039","title":{"rendered":"Viejos los cerros"},"content":{"rendered":"\n<p><strong>Los Pol\u00edticos<\/strong><\/p>\n\n\n\n<p><strong>Salvador Mu\u00f1oz<\/strong><\/p>\n\n\n\n<p>La veo asomarse de su ventana en el tercer piso\u2026 antes me saludaba cuando me ve\u00eda pasar por el parque acompa\u00f1ado de Nina y Lucky, a quien gustaba saludarlos y acariciarlos, hasta que ella dej\u00f3 de pasear tambi\u00e9n por el parque.<\/p>\n\n\n\n<p>Ahora la veo, recargada en esa misma ventana de ese tercer piso\u2026 pero su mirada prefiere perderse en el vac\u00edo, en un punto infinito\u2026 su cara ya es triste.<\/p>\n\n\n\n<p>Hace un mes la encontr\u00e9\u2026 apenas si la reconoc\u00ed con la mascarilla y el cubrebocas pero ella s\u00ed me reconoci\u00f3 por mis canes\u2026<\/p>\n\n\n\n<p>Lo que iba a ser un saludo de paso se volvi\u00f3 en una descarga de emociones despu\u00e9s de que le pidiera que me saludara a su esposo\u2026 \u201cLe dio Alzheimer\u201d.<\/p>\n\n\n\n<p>Por eso dej\u00e9 de verlos sentados en los bancos port\u00e1tiles que sacaban para disfrutar del parque. Por eso dej\u00e9 de verlos caminar dando vueltas al parque.<\/p>\n\n\n\n<p>\u201cYa no puede caminar\u2026 es como si se le hubiera olvidado caminar\u2026 a veces s\u00f3lo se rueda en la cama\u2026 debo de cuidarlo cuando le doy de comer porque luego se ahoga\u2026\u201d<\/p>\n\n\n\n<p>Me cuenta que su hija, la hija que me dec\u00eda que tambi\u00e9n tiene perritos, viene por las tardes, despu\u00e9s del trabajo, para ayudarla.<\/p>\n\n\n\n<p>Creo que se qued\u00f3 platicando como 15 minutos conmigo y de repente pareci\u00f3 darse cuenta del tiempo. \u201cMe tengo que ir\u201d, tom\u00f3 sus bolsas y camin\u00f3 como si lo hiciera en c\u00e1mara lenta, no como si las bolsas pesaran sino como su misma vida de tantos a\u00f1os hubiera tomado volumen sobre su espalda, sobre sus hombros, sobre su figura.<\/p>\n\n\n\n<p>La veo asomarse por la ventana\u2026 ya no me ve\u2026 su vista est\u00e1 en otro lado\u2026 dej\u00f3 de tener el brillo que ten\u00eda al lado del hombre que la acompa\u00f1aba en sus paseos por el parque\u2026<\/p>\n\n\n\n<p>II<\/p>\n\n\n\n<p>No recuerdo qu\u00e9 amigo me lo dijo, pero estoy seguro que debi\u00f3 ser de Morena: la pensi\u00f3n que recibe el abuelo es una forma de darle dignidad.<\/p>\n\n\n\n<p>Vivimos en una sociedad donde ser viejo es malo\u2026 nos ubican en una edad jubilatoria donde pareciera que se cancela cualquier intenci\u00f3n de trabajar aunque realmente llegando a los 40, dicen que es m\u00e1s complicado conseguir chamba\u2026 por la edad.<\/p>\n\n\n\n<p>Antes de la pandemia, para el viejo, la opci\u00f3n era meterse de \u201ccerillo\u201d, pero ahora ni eso.<\/p>\n\n\n\n<p>Antes se dec\u00eda que \u201cviejos eran los cerros y reverdecen\u201d&#8230; pero con tanta tala inmoderada, tampoco se puede hablar de eso.<\/p>\n\n\n\n<p>Ser viejo es malo\u2026 no aguantas las desveladas ni a las que se desvelan\u2026 la vista se vuelve tan mala que prefieres ver la viga que hacerte la paja\u2026 o algo as\u00ed.<\/p>\n\n\n\n<p>\u00a1Huy! Pero si es todo lo contrario, te llaman \u201cViejo rabo verde\u201d como si los placeres carnales fuera exclusivos para los j\u00f3venes con j\u00f3venes\u2026 el viejo no tiene derecho a tenerlo derecho al lado de una jovencita o la se\u00f1ora alcanza el t\u00edtulo de Asaltacunas o Novedades\u2026 No ve edades\u2026<\/p>\n\n\n\n<p>Tenemos un Presidente que encaja en la categor\u00eda de viejo\u2026 s\u00ed, dijera el \u00ednclito, no lo queremos como semental, lo queremos para gobernar; s\u00ed, a\u00fan est\u00e1 vigente el exhorto: lo queremos para gobernar\u2026 y seguimos esperando.<\/p>\n\n\n\n<p>La verdad yo s\u00ed le tengo miedo a la vejez\u2026 no a la vejez del cabello blanco o de p\u00e9rdida de pelo\u2026 tampoco a la vejez de las arrugas o surcos\u2026 menos a esa vejez que hace que las pinches letritas de los frascos de gotas para los ojos, s\u00f3lo sean legibles con la lupa de mi celular\u2026<\/p>\n\n\n\n<p>Tengo miedo a la vejez de no poder valerme por m\u00ed mismo, de no poder ganar un salario digno que me permita ser autosuficiente, de que no me alcance para pagar la luz porque hasta donde s\u00e9, la CFE no hace descuentos a la tercera edad; de un d\u00eda perderme, no recordar a d\u00f3nde iba, a qu\u00e9 iba, con qui\u00e9n iba\u2026 aunque tambi\u00e9n tengo miedo a depender de una pensi\u00f3n que me d\u00e9 el gobierno&#8230;&nbsp;<\/p>\n\n\n\n<p>Dec\u00eda ese amigo que no recuerdo qui\u00e9n fue, que la pensi\u00f3n del Gobierno a los abuelos es una forma de devolverles la dignidad, porque se sienten part\u00edcipes de la econom\u00eda, se pueden comprar sus cosas sin estar a expensas de alguien\u2026 puede ser, puede haber cierta seguridad con unos billetes en la cartera, pero tambi\u00e9n creo que es una forma de comprar un respeto que por el simple hecho de ser personas, se debiera dar y tener. Tengo 52\u2026 voy para all\u00e1\u2026 cuando llegue si es que llego, ya les podr\u00e9 platicar si mi percepci\u00f3n cambi\u00f3.<\/p>\n\n\n\n<p><a href=\"mailto:smcainito@gmail.com\" target=\"_blank\" rel=\"noreferrer noopener\">smcainito@gmail.com<\/a><\/p>\n","protected":false},"excerpt":{"rendered":"<p>Los Pol\u00edticos Salvador Mu\u00f1oz La veo asomarse de su ventana en el tercer piso\u2026 antes me saludaba cuando me ve\u00eda pasar por el parque acompa\u00f1ado de Nina y Lucky, a quien gustaba saludarlos y acariciarlos, hasta que ella dej\u00f3 de pasear tambi\u00e9n por el parque. Ahora la veo, recargada en esa misma ventana de ese [&hellip;]<\/p>\n","protected":false},"author":1,"featured_media":70,"comment_status":"open","ping_status":"open","sticky":false,"template":"","format":"standard","meta":{"_jetpack_memberships_contains_paid_content":false,"footnotes":""},"categories":[11],"tags":[],"class_list":["post-16039","post","type-post","status-publish","format-standard","has-post-thumbnail","hentry","category-opinion"],"jetpack_featured_media_url":"https:\/\/encuentroinformativo.com.mx\/wp-content\/uploads\/2020\/02\/opinion-invitado.jpg","jetpack_sharing_enabled":true,"jetpack_likes_enabled":true,"amp_enabled":true,"_links":{"self":[{"href":"https:\/\/encuentroinformativo.com.mx\/index.php?rest_route=\/wp\/v2\/posts\/16039","targetHints":{"allow":["GET"]}}],"collection":[{"href":"https:\/\/encuentroinformativo.com.mx\/index.php?rest_route=\/wp\/v2\/posts"}],"about":[{"href":"https:\/\/encuentroinformativo.com.mx\/index.php?rest_route=\/wp\/v2\/types\/post"}],"author":[{"embeddable":true,"href":"https:\/\/encuentroinformativo.com.mx\/index.php?rest_route=\/wp\/v2\/users\/1"}],"replies":[{"embeddable":true,"href":"https:\/\/encuentroinformativo.com.mx\/index.php?rest_route=%2Fwp%2Fv2%2Fcomments&post=16039"}],"version-history":[{"count":1,"href":"https:\/\/encuentroinformativo.com.mx\/index.php?rest_route=\/wp\/v2\/posts\/16039\/revisions"}],"predecessor-version":[{"id":16040,"href":"https:\/\/encuentroinformativo.com.mx\/index.php?rest_route=\/wp\/v2\/posts\/16039\/revisions\/16040"}],"wp:featuredmedia":[{"embeddable":true,"href":"https:\/\/encuentroinformativo.com.mx\/index.php?rest_route=\/wp\/v2\/media\/70"}],"wp:attachment":[{"href":"https:\/\/encuentroinformativo.com.mx\/index.php?rest_route=%2Fwp%2Fv2%2Fmedia&parent=16039"}],"wp:term":[{"taxonomy":"category","embeddable":true,"href":"https:\/\/encuentroinformativo.com.mx\/index.php?rest_route=%2Fwp%2Fv2%2Fcategories&post=16039"},{"taxonomy":"post_tag","embeddable":true,"href":"https:\/\/encuentroinformativo.com.mx\/index.php?rest_route=%2Fwp%2Fv2%2Ftags&post=16039"}],"curies":[{"name":"wp","href":"https:\/\/api.w.org\/{rel}","templated":true}]}}