{"id":16042,"date":"2021-07-05T09:32:51","date_gmt":"2021-07-05T14:32:51","guid":{"rendered":"https:\/\/encuentroinformativo.com.mx\/?p=16042"},"modified":"2021-07-05T09:32:54","modified_gmt":"2021-07-05T14:32:54","slug":"indignacion-en-la-patrona-hugo-insostenible","status":"publish","type":"post","link":"https:\/\/encuentroinformativo.com.mx\/?p=16042","title":{"rendered":"INDIGNACI\u00d3N EN LA PATRONA; HUGO, INSOSTENIBLE"},"content":{"rendered":"\n<p><strong>@pablojair<\/strong><\/p>\n\n\n\n<ul class=\"wp-block-list\"><li>La sentida muerte de Ang\u00e9lica Salmer\u00f3n.<\/li><li>Tito Delf\u00edn ser\u00e1 el nuevo dirigente del PAN.<\/li><li>Protesta singular en Boca del R\u00edo.<\/li><\/ul>\n\n\n\n<p>Palaaabras triiiiiisteeeees\u2026<br>Se fue el chido de los Yonic\u2019s por el maldito Covid\u2026<br>&#8211;Chopenjawer grupero<\/p>\n\n\n\n<p>En la Secretar\u00eda de Seguridad P\u00fablica no saben c\u00f3mo explicar el asesinato de dos menores de edad en La Patrona, municipio de Amatl\u00e1n.<\/p>\n\n\n\n<p>Este domingo por la tarde fueron sepultados los menores Jonathan Herrera Aguilar, de 14 a\u00f1os, y Eduardo Jim\u00e9nez Aguilar, de 15 a\u00f1os, que murieron durante un supuesto enfrentamiento entre polic\u00edas estatales e integrantes de un grupo delictivo la tarde del viernes, en el lugar antes mencionado.<\/p>\n\n\n\n<p>De inmediato filtraron desde las oficinas de Seguridad P\u00fablica la fotograf\u00eda de un malandro que se supone es el que origin\u00f3 esta balacera, como tratando de explicar o justificar lo que estaba pasando.<\/p>\n\n\n\n<p>Pero no: nada justifica que un par de adolescentes que se encontraban lavando un autom\u00f3vil en el patio de una casa, hayan sido asesinados a balazos.<\/p>\n\n\n\n<p>De hecho, en videos grabados se escuchan las denuncias de que a ese lugar llegaron elementos de Fuerza Civil (el grupo \u00e9lite que cre\u00f3 Javier Duarte en SSP, supuestamente con puro elemento altamente entrenado por la Marina), quienes con violencia entraron a viviendas humildes.<\/p>\n\n\n\n<p>Lo que le queda a SSP es informar con transparencia sobre las balas que mataron a los jovencitos y aclarar qui\u00e9nes fueron los responsables. No hay otra.<\/p>\n\n\n\n<p>Pero hasta el d\u00eda de hoy, nada. Todav\u00eda se les ocurri\u00f3 la ideota de desalojar a la gente que protestaba con bloqueos carreteros por estos hechos.<\/p>\n\n\n\n<p>Amatl\u00e1n es un municipio cercano a C\u00f3rdoba; La Patrona es el lugar donde existe el refugio de migrantes m\u00e1s conocido quiz\u00e1s en el mundo: &#8220;Las Patronas&#8221;, quienes ganaron respeto internacional por aventar comida al tren &#8220;La Bestia&#8221;, donde viajan los que buscan llegar de Centroam\u00e9rica a Estados Unidos.<\/p>\n\n\n\n<p>Estas mujeres son las que dieron a conocer una carta p\u00fablica el s\u00e1bado hablando de los terribles hechos sangrientos. Reproducimos partes de dicho texto, que puede verse completo en sus redes sociales oficiales:<\/p>\n\n\n\n<p>&#8220;Por este medio comunicamos a las autoridades y a la sociedad en general para denunciar el asesinato de los adolescentes Eduardo Jim\u00e9nez Aguilar de 15 a\u00f1os de edad, quien cursaba el tercer a\u00f1o de secundaria y de Jonathan Herrera Aguilar de 13 a\u00f1os que cursaba el segundo grado de secundaria, pertenecientes a nuestra comunidad, ambos se encontraban trabajando lavando autos, ya que con ello ayudaban en el sustento familiar\u2026 El d\u00eda viernes 2 de julio aproximadamente a las 14 horas, elementos de la Fuerza Civil de Veracruz, dependientes de la Secretar\u00eda de Seguridad del Estado, allanaron un domicilio particular en el centro de nuestra comunidad, disparando, rompiendo puertas y candados, resultando en la muerte de estos dos adolescentes en el interior de la vivienda&#8221;.<\/p>\n\n\n\n<p>Las Patronas apuntan que posteriormente algunos medios de comunicaci\u00f3n difundieron que las muertes hab\u00edan sido resultado de un enfrentamiento y persecuci\u00f3n entre un grupo delictivo y la Fuerza Civil.<\/p>\n\n\n\n<p>&#8220;Nos manifestamos en contra de esta informaci\u00f3n ya que varios testigos afirman que no hubo tal persecuci\u00f3n ni enfrentamiento con ning\u00fan grupo delictivo. Tambi\u00e9n nos manifestamos ante la omisi\u00f3n y ausencia de todos los niveles de Gobierno. Lo que constatamos fue la entrada de la Fuerza Civil a la comunidad, sin ninguna orden judicial, disparando, ocultando informaci\u00f3n y negando el reconocimiento de los cuerpos de los adolescentes a sus familiares&#8221;.<\/p>\n\n\n\n<p>Y reiteran: &#8220;no fue persecuci\u00f3n, ni enfrentamiento&#8221;.<\/p>\n\n\n\n<p>Explican que como comunidad decidieron cerrar la carretera federal y desplazarnos hasta la autopista C\u00f3rdoba-Veracruz, solicitando la presencia de las autoridades: &#8220;La respuesta lleg\u00f3 aproximadamente a las 16 horas del 3 de julio con polic\u00eda antimotines agrediendo a automovilistas, camiones de pasaje y manifestantes, con golpes, gases lacrim\u00f3genos y disparos tanto en la autopista como en la entrada a Amatl\u00e1n de Los Reyes, as\u00ed como en la regi\u00f3n de Tezonapa&#8221;.<\/p>\n\n\n\n<p>Y es que estos d\u00edas recientes mostraron el lado violento de Seguridad P\u00fablica, que tambi\u00e9n desaloj\u00f3 con golpes a manifestantes en el sur de Veracruz.<\/p>\n\n\n\n<p>Mientras tanto, al interior de la Torre de SSP ya circulan versiones de una animadversi\u00f3n de tropa y mandos hacia el titular Hugo Guti\u00e9rrez Mal-donado-al-estado-de-Veracruz, que se ha acrecentado en d\u00edas recientes por la manera de resolver los recientes acontecimientos, entre otras inconformidades.<\/p>\n\n\n\n<p>Es curioso, pero pareciera que de repente se soltaron los demonios en diversos puntos de la entidad y eso no lo ten\u00edan previsto o les faltaba la informaci\u00f3n inteligencia.<\/p>\n\n\n\n<p>Por otra parte, dicen que esos que andar\u00edan problemas por el estado podr\u00edan ser gente que recientemente estuvo trabajando en las campa\u00f1as como apoyo log\u00edstico de candidatos, pero al final de cuentas o no les pagaron o su &#8220;gallo&#8221; perdi\u00f3. Es l\u00f3gico que esa malandrada ahora est\u00e9 buscando dedicarse a lo que sabe: crear infiernitos.<\/p>\n\n\n\n<p>El asunto es que una polic\u00eda de Seguridad P\u00fablica o Fuerza Civil poco preparada o que entra a pueblos con falta de planeaci\u00f3n e informaci\u00f3n, no es m\u00e1s que un problema peor que pone en riesgo vidas.<\/p>\n\n\n\n<p>Y ah\u00ed est\u00e1n los jovencitos muertos de Amatl\u00e1n como una triste muestra de lo que puede llegar a pasar.<\/p>\n\n\n\n<p><strong>NOTA PARA PEGAR EN EL REFRI:<\/strong> El gremio period\u00edstico consternado por el fallecimiento de la compa\u00f1era Ang\u00e9lica Salmer\u00f3n, con quien tuvimos la oportunidad de colaborar juntos en Comunicaci\u00f3n Social del Gobierno del Estado. Siempre atenta, Ang\u00e9lica era muy querida por muchos y su sentido fallecimiento se vio en publicaciones que hizo mucha gente al enterarse de la triste noticia este domingo. Descanse en paz.<\/p>\n\n\n\n<p><strong>OTRA NOTA: <\/strong>Que todo apunta a que ser\u00e1 el exdiputado y exalcalde de Tierra Blanca, Tito Delf\u00edn, el candidato casi de unidad quien tomar\u00e1 las riendas del Comit\u00e9 Ejecutivo Estatal del Partido Acci\u00f3n Nacional (PAN) en Veracruz. Se sabe que Joaqu\u00edn Guzm\u00e1n Avil\u00e9s todav\u00eda analiza la posibilidad de la reelecci\u00f3n, pero tiene en contra los recientes resultados en las elecciones del 6 de junio. Cabe comentar que esto no significa que los grupos yunistas y de panistas tradicionales ya hayan acordado y est\u00e9n en unidad. Hasta el momento se puede decir que estos dos bloques todav\u00eda tienen sus \u201cgallos\u201d para 2024\u2026 Por un lado ya sea Miguel Chiquito o Nandito, pero va un Yunes a la gubernatura (para sacarse la espina), y dar\u00e1n las candidaturas del Senado a alguien de sus cercanos; por el otro lado, Julen Rementer\u00eda es el candidato m\u00e1s visible, donde tambi\u00e9n ir\u00edan al Senado el exdiputado federal V\u00edctor Serralde y el actual dirigente estatal Guzm\u00e1n Avil\u00e9s\u2026 Lo que es un hecho, es que la divisi\u00f3n panista les cost\u00f3 muy caro, pues apenas y lograron algo con la alianza PRIANRD, y ese escenario es el que deber\u00edan analizar en el blanquiazul.<\/p>\n\n\n\n<p><strong>LA \u00daLTIMA PORQUE ENTREVISTA TEMPRANO: <\/strong>Una singular protesta se realiz\u00f3 en el municipio de Boca del R\u00edo (basti\u00f3n panista) con el tema de la consulta para enjuiciar a expresidentes: la tarde de este s\u00e1bado, j\u00f3venes boque\u00f1os tomaron por sorpresa a transe\u00fantes y se instalaron en el cruce del sem\u00e1foro ubicado en Ej\u00e9rcito Mexicano esquina con Urano, en el municipio de Boca del R\u00edo; el motivo, manifestarse a favor de la consulta ciudadana que se llevar\u00e1 a cabo el 1 de agosto en un horario de 8 de la ma\u00f1ana a 6 de la tarde\u2026 &#8220;Estamos aqu\u00ed para invitar a la gente a que vote \u2018S\u00ed\u2019, este 1 de agosto, para que se pueda proceder en contra de los expresidentes, que con sus \u2018corruptelas\u2019 casi destruyen a M\u00e9xico&#8221; manifest\u00f3 C\u00e9sar, quien acudi\u00f3 a la protesta con m\u00e1scara de el ex mandatario Felipe Calder\u00f3n Hinojosa.<\/p>\n","protected":false},"excerpt":{"rendered":"<p>@pablojair La sentida muerte de Ang\u00e9lica Salmer\u00f3n. Tito Delf\u00edn ser\u00e1 el nuevo dirigente del PAN. Protesta singular en Boca del R\u00edo. Palaaabras triiiiiisteeeees\u2026Se fue el chido de los Yonic\u2019s por el maldito Covid\u2026&#8211;Chopenjawer grupero En la Secretar\u00eda de Seguridad P\u00fablica no saben c\u00f3mo explicar el asesinato de dos menores de edad en La Patrona, municipio [&hellip;]<\/p>\n","protected":false},"author":1,"featured_media":488,"comment_status":"open","ping_status":"open","sticky":false,"template":"","format":"standard","meta":{"_jetpack_memberships_contains_paid_content":false,"footnotes":""},"categories":[11],"tags":[],"class_list":["post-16042","post","type-post","status-publish","format-standard","has-post-thumbnail","hentry","category-opinion"],"jetpack_featured_media_url":"https:\/\/encuentroinformativo.com.mx\/wp-content\/uploads\/2020\/03\/F471F608-BA1A-416B-BA7B-BCFB24F4E6D0.jpeg","jetpack_sharing_enabled":true,"jetpack_likes_enabled":true,"amp_enabled":true,"_links":{"self":[{"href":"https:\/\/encuentroinformativo.com.mx\/index.php?rest_route=\/wp\/v2\/posts\/16042","targetHints":{"allow":["GET"]}}],"collection":[{"href":"https:\/\/encuentroinformativo.com.mx\/index.php?rest_route=\/wp\/v2\/posts"}],"about":[{"href":"https:\/\/encuentroinformativo.com.mx\/index.php?rest_route=\/wp\/v2\/types\/post"}],"author":[{"embeddable":true,"href":"https:\/\/encuentroinformativo.com.mx\/index.php?rest_route=\/wp\/v2\/users\/1"}],"replies":[{"embeddable":true,"href":"https:\/\/encuentroinformativo.com.mx\/index.php?rest_route=%2Fwp%2Fv2%2Fcomments&post=16042"}],"version-history":[{"count":1,"href":"https:\/\/encuentroinformativo.com.mx\/index.php?rest_route=\/wp\/v2\/posts\/16042\/revisions"}],"predecessor-version":[{"id":16043,"href":"https:\/\/encuentroinformativo.com.mx\/index.php?rest_route=\/wp\/v2\/posts\/16042\/revisions\/16043"}],"wp:featuredmedia":[{"embeddable":true,"href":"https:\/\/encuentroinformativo.com.mx\/index.php?rest_route=\/wp\/v2\/media\/488"}],"wp:attachment":[{"href":"https:\/\/encuentroinformativo.com.mx\/index.php?rest_route=%2Fwp%2Fv2%2Fmedia&parent=16042"}],"wp:term":[{"taxonomy":"category","embeddable":true,"href":"https:\/\/encuentroinformativo.com.mx\/index.php?rest_route=%2Fwp%2Fv2%2Fcategories&post=16042"},{"taxonomy":"post_tag","embeddable":true,"href":"https:\/\/encuentroinformativo.com.mx\/index.php?rest_route=%2Fwp%2Fv2%2Ftags&post=16042"}],"curies":[{"name":"wp","href":"https:\/\/api.w.org\/{rel}","templated":true}]}}