{"id":16044,"date":"2021-07-05T09:43:37","date_gmt":"2021-07-05T14:43:37","guid":{"rendered":"https:\/\/encuentroinformativo.com.mx\/?p=16044"},"modified":"2021-07-05T09:43:42","modified_gmt":"2021-07-05T14:43:42","slug":"ubican-cocodrilo-en-playas-de-tuxpan-lo-trasladan-a-zona-de-manglares","status":"publish","type":"post","link":"https:\/\/encuentroinformativo.com.mx\/?p=16044","title":{"rendered":"Ubican cocodrilo en playas de Tuxpan, lo trasladan a zona de manglares"},"content":{"rendered":"\n<p><strong>Alejandro \u00c1vila<\/strong><\/p>\n\n\n\n<p>Tuxpan, Ver. \u2013 Un cocodrilo de aproximadamente 7 a\u00f1os de edad y 1.40 metros de longitud fue encontrado el pasado mi\u00e9rcoles en las playas del puerto de Tuxpan, mismo que fue retirado del lugar por elementos de Protecci\u00f3n Civil municipal.<\/p>\n\n\n\n<p>Este fin de semana integrantes del campamento Tortuguero \u201cNak\u00fa Kay\u00e1m\u201d, quienes lo ten\u00edan bajo su resguardo, lo llevaron a la zona de mangle para que se desarrolle en su habitar natural, pues su especie (crocodylus moreletii), radica en zonas pantanosas.<\/p>\n\n\n\n<p>Esta especie se encuentra dentro de la lista de especies en peligro de extinci\u00f3n, dentro de la NOM-059-SEMARNAT, por lo que hacerle alg\u00fan da\u00f1o, es considerado delito federal.<\/p>\n\n\n\n<p>\u201cLamentablemente, la gente tiene un concepto muy err\u00f3neo sobre estos reptiles, pues son animales importantes en el ecosistema, tenemos que aprender a interactuar con ellos y no verlos como una amenaza\u201d, se\u00f1al\u00f3 el vocero de Nak\u00fam Kay\u00e1m.<\/p>\n\n\n\n<p>Cabe mencionar que el reptil fue encontrado en las primeras horas del pasado mi\u00e9rcoles, cuando un ciudadano que caminaba sobre la arena, se percat\u00f3 de la presencia a del cocodrilo, por lo que de inmediato solicito el apoyo de personal calificado.<\/p>\n","protected":false},"excerpt":{"rendered":"<p>Alejandro \u00c1vila Tuxpan, Ver. \u2013 Un cocodrilo de aproximadamente 7 a\u00f1os de edad y 1.40 metros de longitud fue encontrado el pasado mi\u00e9rcoles en las playas del puerto de Tuxpan, mismo que fue retirado del lugar por elementos de Protecci\u00f3n Civil municipal. Este fin de semana integrantes del campamento Tortuguero \u201cNak\u00fa Kay\u00e1m\u201d, quienes lo ten\u00edan [&hellip;]<\/p>\n","protected":false},"author":1,"featured_media":16045,"comment_status":"open","ping_status":"open","sticky":false,"template":"","format":"standard","meta":{"_jetpack_memberships_contains_paid_content":false,"footnotes":""},"categories":[2],"tags":[],"class_list":["post-16044","post","type-post","status-publish","format-standard","has-post-thumbnail","hentry","category-estado"],"jetpack_featured_media_url":"https:\/\/encuentroinformativo.com.mx\/wp-content\/uploads\/2021\/07\/1E4741AF-7383-4EF2-9A19-E71FFF25F085.jpeg","jetpack_sharing_enabled":true,"jetpack_likes_enabled":true,"amp_enabled":true,"_links":{"self":[{"href":"https:\/\/encuentroinformativo.com.mx\/index.php?rest_route=\/wp\/v2\/posts\/16044","targetHints":{"allow":["GET"]}}],"collection":[{"href":"https:\/\/encuentroinformativo.com.mx\/index.php?rest_route=\/wp\/v2\/posts"}],"about":[{"href":"https:\/\/encuentroinformativo.com.mx\/index.php?rest_route=\/wp\/v2\/types\/post"}],"author":[{"embeddable":true,"href":"https:\/\/encuentroinformativo.com.mx\/index.php?rest_route=\/wp\/v2\/users\/1"}],"replies":[{"embeddable":true,"href":"https:\/\/encuentroinformativo.com.mx\/index.php?rest_route=%2Fwp%2Fv2%2Fcomments&post=16044"}],"version-history":[{"count":1,"href":"https:\/\/encuentroinformativo.com.mx\/index.php?rest_route=\/wp\/v2\/posts\/16044\/revisions"}],"predecessor-version":[{"id":16046,"href":"https:\/\/encuentroinformativo.com.mx\/index.php?rest_route=\/wp\/v2\/posts\/16044\/revisions\/16046"}],"wp:featuredmedia":[{"embeddable":true,"href":"https:\/\/encuentroinformativo.com.mx\/index.php?rest_route=\/wp\/v2\/media\/16045"}],"wp:attachment":[{"href":"https:\/\/encuentroinformativo.com.mx\/index.php?rest_route=%2Fwp%2Fv2%2Fmedia&parent=16044"}],"wp:term":[{"taxonomy":"category","embeddable":true,"href":"https:\/\/encuentroinformativo.com.mx\/index.php?rest_route=%2Fwp%2Fv2%2Fcategories&post=16044"},{"taxonomy":"post_tag","embeddable":true,"href":"https:\/\/encuentroinformativo.com.mx\/index.php?rest_route=%2Fwp%2Fv2%2Ftags&post=16044"}],"curies":[{"name":"wp","href":"https:\/\/api.w.org\/{rel}","templated":true}]}}