{"id":16051,"date":"2021-07-05T12:06:16","date_gmt":"2021-07-05T17:06:16","guid":{"rendered":"https:\/\/encuentroinformativo.com.mx\/?p=16051"},"modified":"2021-07-05T12:06:18","modified_gmt":"2021-07-05T17:06:18","slug":"volco-camion-de-tabiques-sobre-la-xalapa-veracruz","status":"publish","type":"post","link":"https:\/\/encuentroinformativo.com.mx\/?p=16051","title":{"rendered":"Volc\u00f3 cami\u00f3n de tabiques sobre la Xalapa \u2013 Veracruz"},"content":{"rendered":"\n<p><strong>Redacci\u00f3n<\/strong> <\/p>\n\n\n\n<p>Emiliano Zapata, Ver.- La ma\u00f1ana de este lunes sobre la autopista Veracruz \u2013 Xalapa, volc\u00f3 un cami\u00f3n cargado de tabiques en la zona del kil\u00f3metro 27 de la v\u00eda de comunicaci\u00f3n.<\/p>\n\n\n\n<p>El percance se suscit\u00f3 en el carril que conduce a la capital del estado.<\/p>\n\n\n\n<p>Automovilistas que transitaban por el lugar auxiliaron al conductor de la unidad.<\/p>\n","protected":false},"excerpt":{"rendered":"<p>Redacci\u00f3n Emiliano Zapata, Ver.- La ma\u00f1ana de este lunes sobre la autopista Veracruz \u2013 Xalapa, volc\u00f3 un cami\u00f3n cargado de tabiques en la zona del kil\u00f3metro 27 de la v\u00eda de comunicaci\u00f3n. El percance se suscit\u00f3 en el carril que conduce a la capital del estado. Automovilistas que transitaban por el lugar auxiliaron al conductor [&hellip;]<\/p>\n","protected":false},"author":1,"featured_media":16052,"comment_status":"open","ping_status":"open","sticky":false,"template":"","format":"standard","meta":{"_jetpack_memberships_contains_paid_content":false,"footnotes":""},"categories":[14],"tags":[],"class_list":["post-16051","post","type-post","status-publish","format-standard","has-post-thumbnail","hentry","category-policiaca"],"jetpack_featured_media_url":"https:\/\/encuentroinformativo.com.mx\/wp-content\/uploads\/2021\/07\/5CE088D7-E300-4703-B133-5747804D8888.jpeg","jetpack_sharing_enabled":true,"jetpack_likes_enabled":true,"amp_enabled":true,"_links":{"self":[{"href":"https:\/\/encuentroinformativo.com.mx\/index.php?rest_route=\/wp\/v2\/posts\/16051","targetHints":{"allow":["GET"]}}],"collection":[{"href":"https:\/\/encuentroinformativo.com.mx\/index.php?rest_route=\/wp\/v2\/posts"}],"about":[{"href":"https:\/\/encuentroinformativo.com.mx\/index.php?rest_route=\/wp\/v2\/types\/post"}],"author":[{"embeddable":true,"href":"https:\/\/encuentroinformativo.com.mx\/index.php?rest_route=\/wp\/v2\/users\/1"}],"replies":[{"embeddable":true,"href":"https:\/\/encuentroinformativo.com.mx\/index.php?rest_route=%2Fwp%2Fv2%2Fcomments&post=16051"}],"version-history":[{"count":1,"href":"https:\/\/encuentroinformativo.com.mx\/index.php?rest_route=\/wp\/v2\/posts\/16051\/revisions"}],"predecessor-version":[{"id":16053,"href":"https:\/\/encuentroinformativo.com.mx\/index.php?rest_route=\/wp\/v2\/posts\/16051\/revisions\/16053"}],"wp:featuredmedia":[{"embeddable":true,"href":"https:\/\/encuentroinformativo.com.mx\/index.php?rest_route=\/wp\/v2\/media\/16052"}],"wp:attachment":[{"href":"https:\/\/encuentroinformativo.com.mx\/index.php?rest_route=%2Fwp%2Fv2%2Fmedia&parent=16051"}],"wp:term":[{"taxonomy":"category","embeddable":true,"href":"https:\/\/encuentroinformativo.com.mx\/index.php?rest_route=%2Fwp%2Fv2%2Fcategories&post=16051"},{"taxonomy":"post_tag","embeddable":true,"href":"https:\/\/encuentroinformativo.com.mx\/index.php?rest_route=%2Fwp%2Fv2%2Ftags&post=16051"}],"curies":[{"name":"wp","href":"https:\/\/api.w.org\/{rel}","templated":true}]}}