{"id":16054,"date":"2021-07-05T12:11:20","date_gmt":"2021-07-05T17:11:20","guid":{"rendered":"https:\/\/encuentroinformativo.com.mx\/?p=16054"},"modified":"2021-07-05T12:11:23","modified_gmt":"2021-07-05T17:11:23","slug":"pandemia-principal-reto-de-la-uv-beatriz-lira","status":"publish","type":"post","link":"https:\/\/encuentroinformativo.com.mx\/?p=16054","title":{"rendered":"Pandemia principal reto de la UV: Beatriz Lira"},"content":{"rendered":"\n<p><strong>Juan Arcos<\/strong><\/p>\n\n\n\n<p>Xalapa, Ver.- La economista Ana Beatriz Lira Rocas se registr\u00f3 como candidata ante la Junta de Gobierno para competir por la Rector\u00eda de la Universidad Veracruzana (UV) en el proceso para suceder a Sara Ladr\u00f3n de Guevara Gonz\u00e1lez.<\/p>\n\n\n\n<p>La Doctora en Sostenibilidad, Tecnolog\u00eda y Humanismo entreg\u00f3 la documentaci\u00f3n correspondiente para cumplir con el procedimiento, tras la publicaci\u00f3n de la convocatoria por parte de la Junta de Gobierno, el pasado mi\u00e9rcoles 30 de junio.<\/p>\n\n\n\n<p>En entrevista antes de ingresar a las oficinas, ubicadas sobre la calle Papantla n\u00famero 1, en la colonia Unidad Veracruzana, la aspirante coment\u00f3 que el principal reto que enfrenta la instituci\u00f3n es incrementar la calidad acad\u00e9mica a trav\u00e9s de la multimodalidad por la pandemia del SARS-COV-2 (COVID-19).<\/p>\n\n\n\n<p>\u201cEstamos inmersos en una pandemia que nos obliga positivamente a transitar a los medios virtuales, digitales y eso puede ser muy bueno para nosotros, porque es un camino sin retorno que nos permitir\u00e1 ampliar matr\u00edcula por la ruta de la virtualidad que no implica los costos de inversi\u00f3n que implicada la virtualidad\u201d.<\/p>\n\n\n\n<p>Detall\u00f3 que su propuesta se diferencia de los dem\u00e1s proyectos, toda vez que est\u00e1 alineada al plan 2030 y a los objetivos del milenio.<\/p>\n\n\n\n<p>Se trata de una propuesta que considera la inclusi\u00f3n, la igualdad y la sostenibilidad universitaria, estructurada en ocho ejes rectores que han sido expuestos a los acad\u00e9micos, estudiantes, empresarios y legisladores.<\/p>\n\n\n\n<p>\u201cSe trata de una propuesta donde la vinculaci\u00f3n tiene un juego muy importante, la vinculaci\u00f3n como fuente de conocimiento y como fuente de recursos, la vinculaci\u00f3n como la v\u00eda a trav\u00e9s de la cual podemos verificar que nuestros programas acad\u00e9micos est\u00e9n siendo pertinentes y adem\u00e1s vincular a nuestros estudiantes hacia las probables fuentes de trabajo, abrirles camino, abrir rutas, y de regreso traer el conocimiento de la empresa, del sector p\u00fablico, social, del medio ambiente\u201d.<\/p>\n\n\n\n<p>Lira Rocas record\u00f3 que la UV es una de las cinco instituciones p\u00fablicas de educaci\u00f3n superior m\u00e1s importantes del pa\u00eds y, por ello, deben retribuirse a la sociedad soluciones, alternativas y planes de mejora.<\/p>\n\n\n\n<p>A\u00f1adi\u00f3 que la m\u00e1xima casa de estudios del estado enfrenta otros grandes retos, como la digitalizaci\u00f3n, la reconstrucci\u00f3n del tejido social y la falta de recursos econ\u00f3micos.<\/p>\n","protected":false},"excerpt":{"rendered":"<p>Juan Arcos Xalapa, Ver.- La economista Ana Beatriz Lira Rocas se registr\u00f3 como candidata ante la Junta de Gobierno para competir por la Rector\u00eda de la Universidad Veracruzana (UV) en el proceso para suceder a Sara Ladr\u00f3n de Guevara Gonz\u00e1lez. La Doctora en Sostenibilidad, Tecnolog\u00eda y Humanismo entreg\u00f3 la documentaci\u00f3n correspondiente para cumplir con el [&hellip;]<\/p>\n","protected":false},"author":1,"featured_media":16055,"comment_status":"open","ping_status":"open","sticky":false,"template":"","format":"standard","meta":{"_jetpack_memberships_contains_paid_content":false,"footnotes":""},"categories":[2],"tags":[],"class_list":["post-16054","post","type-post","status-publish","format-standard","has-post-thumbnail","hentry","category-estado"],"jetpack_featured_media_url":"https:\/\/encuentroinformativo.com.mx\/wp-content\/uploads\/2021\/07\/1D2A91C8-7B1A-468F-9D03-905B8E82691F.jpeg","jetpack_sharing_enabled":true,"jetpack_likes_enabled":true,"amp_enabled":true,"_links":{"self":[{"href":"https:\/\/encuentroinformativo.com.mx\/index.php?rest_route=\/wp\/v2\/posts\/16054","targetHints":{"allow":["GET"]}}],"collection":[{"href":"https:\/\/encuentroinformativo.com.mx\/index.php?rest_route=\/wp\/v2\/posts"}],"about":[{"href":"https:\/\/encuentroinformativo.com.mx\/index.php?rest_route=\/wp\/v2\/types\/post"}],"author":[{"embeddable":true,"href":"https:\/\/encuentroinformativo.com.mx\/index.php?rest_route=\/wp\/v2\/users\/1"}],"replies":[{"embeddable":true,"href":"https:\/\/encuentroinformativo.com.mx\/index.php?rest_route=%2Fwp%2Fv2%2Fcomments&post=16054"}],"version-history":[{"count":1,"href":"https:\/\/encuentroinformativo.com.mx\/index.php?rest_route=\/wp\/v2\/posts\/16054\/revisions"}],"predecessor-version":[{"id":16056,"href":"https:\/\/encuentroinformativo.com.mx\/index.php?rest_route=\/wp\/v2\/posts\/16054\/revisions\/16056"}],"wp:featuredmedia":[{"embeddable":true,"href":"https:\/\/encuentroinformativo.com.mx\/index.php?rest_route=\/wp\/v2\/media\/16055"}],"wp:attachment":[{"href":"https:\/\/encuentroinformativo.com.mx\/index.php?rest_route=%2Fwp%2Fv2%2Fmedia&parent=16054"}],"wp:term":[{"taxonomy":"category","embeddable":true,"href":"https:\/\/encuentroinformativo.com.mx\/index.php?rest_route=%2Fwp%2Fv2%2Fcategories&post=16054"},{"taxonomy":"post_tag","embeddable":true,"href":"https:\/\/encuentroinformativo.com.mx\/index.php?rest_route=%2Fwp%2Fv2%2Ftags&post=16054"}],"curies":[{"name":"wp","href":"https:\/\/api.w.org\/{rel}","templated":true}]}}