{"id":16058,"date":"2021-07-05T12:25:56","date_gmt":"2021-07-05T17:25:56","guid":{"rendered":"https:\/\/encuentroinformativo.com.mx\/?p=16058"},"modified":"2021-07-05T12:26:00","modified_gmt":"2021-07-05T17:26:00","slug":"en-demanda-de-vacunas-estudiantes-anuncian-protestas","status":"publish","type":"post","link":"https:\/\/encuentroinformativo.com.mx\/?p=16058","title":{"rendered":"En demanda de vacunas, estudiantes anuncian protestas"},"content":{"rendered":"\n<p><strong>Dar\u00edo Pale<\/strong><\/p>\n\n\n\n<p>Xalapa, Ver.- Lorena Ixtepan Mart\u00ednez representante de la Federaci\u00f3n Nacional de Estudiantes Revolucionarios &#8220;Rafael Ram\u00edrez&#8221; (FENERR), dio a conocer que el d\u00eda de ma\u00f1ana llevar\u00e1n a cabo una protesta en la Ciudad de M\u00e9xico y Xalapa, para exigir que los j\u00f3venes y ni\u00f1os sean vacunados para poder regresar a las clases presenciales.<\/p>\n\n\n\n<p>En conferencia de prensa, realizada en conocido caf\u00e9 del centro de Xalapa, explic\u00f3 que a pesar de las protestas hechas anteriormente, las autoridades han hecho caso omiso a sus peticiones.<\/p>\n\n\n\n<p>&#8220;Ante la negativa a la soluci\u00f3n a nuestros problemas, nuevamente estamos convocando a los estudiantes para que el d\u00eda de ma\u00f1ana, podamos manifestarnos para que se vacune a los ni\u00f1os, a los j\u00f3venes&#8221;, se\u00f1al\u00f3.<\/p>\n\n\n\n<p>Dio a conocer que la protesta concentrar\u00e1 a unos mil 500 estudiantes en el centro del pa\u00eds, mientras que en Xalapa, har\u00e1n una valla humana a las 10:00 horas en el parque Ju\u00e1rez.<\/p>\n\n\n\n<p>Finalmente la joven estudiante critic\u00f3 que en Xalapa se haya regresado a sem\u00e1foro rojo, porque se evidencia el manejo de la pandemia por parte de las administraciones federal y estatal.<\/p>\n","protected":false},"excerpt":{"rendered":"<p>Dar\u00edo Pale Xalapa, Ver.- Lorena Ixtepan Mart\u00ednez representante de la Federaci\u00f3n Nacional de Estudiantes Revolucionarios &#8220;Rafael Ram\u00edrez&#8221; (FENERR), dio a conocer que el d\u00eda de ma\u00f1ana llevar\u00e1n a cabo una protesta en la Ciudad de M\u00e9xico y Xalapa, para exigir que los j\u00f3venes y ni\u00f1os sean vacunados para poder regresar a las clases presenciales. En [&hellip;]<\/p>\n","protected":false},"author":1,"featured_media":11930,"comment_status":"open","ping_status":"open","sticky":false,"template":"","format":"standard","meta":{"_jetpack_memberships_contains_paid_content":false,"footnotes":""},"categories":[9],"tags":[],"class_list":["post-16058","post","type-post","status-publish","format-standard","has-post-thumbnail","hentry","category-salud"],"jetpack_featured_media_url":"https:\/\/encuentroinformativo.com.mx\/wp-content\/uploads\/2021\/03\/0DC23CA5-B343-4DC1-AE1F-5C2AADEF94AD.jpeg","jetpack_sharing_enabled":true,"jetpack_likes_enabled":true,"amp_enabled":true,"_links":{"self":[{"href":"https:\/\/encuentroinformativo.com.mx\/index.php?rest_route=\/wp\/v2\/posts\/16058","targetHints":{"allow":["GET"]}}],"collection":[{"href":"https:\/\/encuentroinformativo.com.mx\/index.php?rest_route=\/wp\/v2\/posts"}],"about":[{"href":"https:\/\/encuentroinformativo.com.mx\/index.php?rest_route=\/wp\/v2\/types\/post"}],"author":[{"embeddable":true,"href":"https:\/\/encuentroinformativo.com.mx\/index.php?rest_route=\/wp\/v2\/users\/1"}],"replies":[{"embeddable":true,"href":"https:\/\/encuentroinformativo.com.mx\/index.php?rest_route=%2Fwp%2Fv2%2Fcomments&post=16058"}],"version-history":[{"count":1,"href":"https:\/\/encuentroinformativo.com.mx\/index.php?rest_route=\/wp\/v2\/posts\/16058\/revisions"}],"predecessor-version":[{"id":16059,"href":"https:\/\/encuentroinformativo.com.mx\/index.php?rest_route=\/wp\/v2\/posts\/16058\/revisions\/16059"}],"wp:featuredmedia":[{"embeddable":true,"href":"https:\/\/encuentroinformativo.com.mx\/index.php?rest_route=\/wp\/v2\/media\/11930"}],"wp:attachment":[{"href":"https:\/\/encuentroinformativo.com.mx\/index.php?rest_route=%2Fwp%2Fv2%2Fmedia&parent=16058"}],"wp:term":[{"taxonomy":"category","embeddable":true,"href":"https:\/\/encuentroinformativo.com.mx\/index.php?rest_route=%2Fwp%2Fv2%2Fcategories&post=16058"},{"taxonomy":"post_tag","embeddable":true,"href":"https:\/\/encuentroinformativo.com.mx\/index.php?rest_route=%2Fwp%2Fv2%2Ftags&post=16058"}],"curies":[{"name":"wp","href":"https:\/\/api.w.org\/{rel}","templated":true}]}}