{"id":16071,"date":"2021-07-05T13:33:40","date_gmt":"2021-07-05T18:33:40","guid":{"rendered":"https:\/\/encuentroinformativo.com.mx\/?p=16071"},"modified":"2021-07-05T13:33:44","modified_gmt":"2021-07-05T18:33:44","slug":"por-semaforo-rojo-llama-regidor-a-reforzar-medidas-sanitarias","status":"publish","type":"post","link":"https:\/\/encuentroinformativo.com.mx\/?p=16071","title":{"rendered":"Por sem\u00e1foro rojo, llama regidor a reforzar medidas sanitarias"},"content":{"rendered":"\n<p><strong>Dar\u00edo Pale<\/strong><\/p>\n\n\n\n<p>Xalapa, Ver.- \u00c9ste lunes, Xalapa inici\u00f3 la semana con sem\u00e1foro epidemiol\u00f3gico en rojo por lo que las autoridades han lanzado el llamado a las y los ciudadanos a seguir con las medidas sanitarias para evitar el alza de contagio de coronavirus, as\u00ed lo se\u00f1al\u00f3 el regidor d\u00e9cimo encargado de la Comisi\u00f3n de Desarrollo Econ\u00f3mico, Juan Gabriel Fern\u00e1ndez Garibay.<\/p>\n\n\n\n<p>Entrevistado en conocido caf\u00e9 del centro de Xalapa, coment\u00f3 que dada la relajaci\u00f3n de medidas sanitarias de parte de la poblaci\u00f3n, por lo que no descart\u00f3 que se vayan a reforzar en pr\u00f3ximos d\u00edas.<\/p>\n\n\n\n<p>&#8220;Lo que estoy exhortando en este momento es que reforcemos las medidas, si no lo hacemos, auguro que se van a tener que tomar medidas m\u00e1s estrictas a lo cual viene una desaceleraci\u00f3n econ\u00f3mica peor que la tenemos&#8221;.<\/p>\n\n\n\n<p>Si bien record\u00f3 que hay sanciones para los comercios que no acaten las medidas sanitarias, las cuales van desde un apercibimiento, multa o cierre del local, al momento, primero est\u00e1 el exhort\u00f3 para que trabajen con responsabilidad tanto los due\u00f1os de negocios establecidos como la ciudadan\u00eda en general.<\/p>\n\n\n\n<p>&#8220;Hacernos responsables los mismos comerciantes, y los mismos ciudadanos de que en nuestras manos est\u00e1 el regresar el numero de contagio para atr\u00e1s, ha habido una gran desinformaci\u00f3n y creen que con el simple hecho de la vacuna ya no se necesita el cubre bocas o eso (\u2026) la realidad de las cosas es que seguimos con una situaci\u00f3n fuerte de COVID&#8221;, coment\u00f3.<\/p>\n\n\n\n<p>Insisti\u00f3 en que es la poblaci\u00f3n la que debe hacer conciencia y retomar los cuidados como el uso de cubrebocas&#8221;.<\/p>\n\n\n\n<p>Advirti\u00f3 que si vuelven a cerrarse negocios las consecuencias econ\u00f3micas ser\u00e1n lamentables, ya que muchos no aguantar\u00edan cerrar sus puertas y eso representar\u00eda la p\u00e9rdida de m\u00e1s empleos de los que ya se perdieron.<\/p>\n\n\n\n<p>Juan Gabriel Fern\u00e1ndez Garibay dijo que se debe de trabajar con un piso parejo para los empresarios, por lo que insisti\u00f3 en el exhorto para que respeten y sigan las medidas recomendadas por la autoridad sanitaria para bajar los casos de contagios del virus Sars COV-2.<\/p>\n\n\n\n<p>Por \u00faltimo cabe se\u00f1alar que actualmente en Xalapa, se tiene 793 casos sospechas a COVID-19, un acumulado de confirmados de 5 mil 867 y 897 defunciones.<\/p>\n","protected":false},"excerpt":{"rendered":"<p>Dar\u00edo Pale Xalapa, Ver.- \u00c9ste lunes, Xalapa inici\u00f3 la semana con sem\u00e1foro epidemiol\u00f3gico en rojo por lo que las autoridades han lanzado el llamado a las y los ciudadanos a seguir con las medidas sanitarias para evitar el alza de contagio de coronavirus, as\u00ed lo se\u00f1al\u00f3 el regidor d\u00e9cimo encargado de la Comisi\u00f3n de Desarrollo [&hellip;]<\/p>\n","protected":false},"author":1,"featured_media":16072,"comment_status":"open","ping_status":"open","sticky":false,"template":"","format":"standard","meta":{"_jetpack_memberships_contains_paid_content":false,"footnotes":""},"categories":[3],"tags":[],"class_list":["post-16071","post","type-post","status-publish","format-standard","has-post-thumbnail","hentry","category-xalapa"],"jetpack_featured_media_url":"https:\/\/encuentroinformativo.com.mx\/wp-content\/uploads\/2021\/07\/D6B97FFF-2066-492D-AC36-90E3390E30C4.jpeg","jetpack_sharing_enabled":true,"jetpack_likes_enabled":true,"amp_enabled":true,"_links":{"self":[{"href":"https:\/\/encuentroinformativo.com.mx\/index.php?rest_route=\/wp\/v2\/posts\/16071","targetHints":{"allow":["GET"]}}],"collection":[{"href":"https:\/\/encuentroinformativo.com.mx\/index.php?rest_route=\/wp\/v2\/posts"}],"about":[{"href":"https:\/\/encuentroinformativo.com.mx\/index.php?rest_route=\/wp\/v2\/types\/post"}],"author":[{"embeddable":true,"href":"https:\/\/encuentroinformativo.com.mx\/index.php?rest_route=\/wp\/v2\/users\/1"}],"replies":[{"embeddable":true,"href":"https:\/\/encuentroinformativo.com.mx\/index.php?rest_route=%2Fwp%2Fv2%2Fcomments&post=16071"}],"version-history":[{"count":1,"href":"https:\/\/encuentroinformativo.com.mx\/index.php?rest_route=\/wp\/v2\/posts\/16071\/revisions"}],"predecessor-version":[{"id":16073,"href":"https:\/\/encuentroinformativo.com.mx\/index.php?rest_route=\/wp\/v2\/posts\/16071\/revisions\/16073"}],"wp:featuredmedia":[{"embeddable":true,"href":"https:\/\/encuentroinformativo.com.mx\/index.php?rest_route=\/wp\/v2\/media\/16072"}],"wp:attachment":[{"href":"https:\/\/encuentroinformativo.com.mx\/index.php?rest_route=%2Fwp%2Fv2%2Fmedia&parent=16071"}],"wp:term":[{"taxonomy":"category","embeddable":true,"href":"https:\/\/encuentroinformativo.com.mx\/index.php?rest_route=%2Fwp%2Fv2%2Fcategories&post=16071"},{"taxonomy":"post_tag","embeddable":true,"href":"https:\/\/encuentroinformativo.com.mx\/index.php?rest_route=%2Fwp%2Fv2%2Ftags&post=16071"}],"curies":[{"name":"wp","href":"https:\/\/api.w.org\/{rel}","templated":true}]}}