{"id":16085,"date":"2021-07-05T14:33:47","date_gmt":"2021-07-05T19:33:47","guid":{"rendered":"https:\/\/encuentroinformativo.com.mx\/?p=16085"},"modified":"2021-07-05T14:33:53","modified_gmt":"2021-07-05T19:33:53","slug":"se-revisaran-procedimientos-de-actuacion-de-ssp-gobernador","status":"publish","type":"post","link":"https:\/\/encuentroinformativo.com.mx\/?p=16085","title":{"rendered":"Se revisar\u00e1n procedimientos de actuaci\u00f3n de SSP: Gobernador"},"content":{"rendered":"\n<p><strong>Dar\u00edo Pale<\/strong><\/p>\n\n\n\n<p>Xalapa, Ver.- Se deben de revisar los procedimientos de actuaci\u00f3n para evitar que haya v\u00edctimas en fuegos cruzados, como sucedi\u00f3 en el municipio de Amatl\u00e1n el pasado fin de semana, as\u00ed se lo solicit\u00f3 el gobernador Cuitl\u00e1huac Garc\u00eda Jim\u00e9nez, a la Secretar\u00eda de Seguridad P\u00fablica (SSP).<\/p>\n\n\n\n<p>Durante su tradicional conferencia de prensa ahora en el municipio de Poza Rica, el Gobernador inform\u00f3 que lo que sucedido en la comunidad de Guadalupe La Patrona fue que recibieron un reporte de que en dicho lugar se encontraban veh\u00edculos con personas armadas, por lo que los elementos policiales acudieron a atender este llamado.<\/p>\n\n\n\n<p>Al llegar fueron atacados por estos presuntos criminales y los elementos de la SSP tuvieron que responder el ataque y fue ah\u00ed donde los dos menores de edad fueron v\u00edctimas del fuego cruzado.<\/p>\n\n\n\n<p>Adem\u00e1s, declar\u00f3 que saben que en dicho lugar hay dos bandas que se disputan la plaza y un presunto delincuente, quien se hace llamar el \u201cW\u00e9stern\u201d, que est\u00e1 operando la zona, por lo que ya se encuentran atendiendo este tema.<\/p>\n\n\n\n<p>Reiter\u00f3 que el secretario de Seguridad ya est\u00e1 revisando el caso para emplear otras formas de actuaci\u00f3n y as\u00ed proteger la vida de los veracruzanos, ya que \u201cal gobierno de Veracruz s\u00ed les interesa la vida humana de los inocentes\u201d.<\/p>\n\n\n\n<p><strong>Aumento Casos Covid<\/strong><\/p>\n\n\n\n<p>En otro orden de ideas el gobernador Cuitl\u00e1huac Garc\u00eda Jim\u00e9nez pidi\u00f3 a los j\u00f3venes que no se vayan al antro m\u00e1s lleno, que mejor \u201cbusquen otro\u201d, ante el incremento de los casos de contagio por la covid 19 en Veracruz.<\/p>\n\n\n\n<p>Dijo que los ciudadanos se sienten confiados ante el proceso de vacunaci\u00f3n y por ello optan por comercios donde hay m\u00e1s gente, por lo que les invit\u00f3 a no bajar la guardia y cuidarse.<\/p>\n\n\n\n<p>\u201cEso es lo qu\u00e9 hay que hacer: evitar las aglomeraciones. Ah\u00ed es donde nos ha fallado un poquito porque la gente se siente en confianza, sobre todo los j\u00f3venes, y se van al antro mas lleno. Al lugar donde hay mas gente. Entonces conminarlos, hay muchos lugares. Si ya ven que uno lleg\u00f3 al l\u00edmite, busquen otro\u201d, coment\u00f3.<\/p>\n\n\n\n<p>En cuanto a la implementar\u00edan sanciones a presidentes o presidentas municipales que no acaten las medidas de sana distancia, se\u00f1al\u00f3 que estos lo que deben hacer es regular las actividades municipales.<\/p>\n\n\n\n<p>\u201cEl presidente municipal, alcaldesa, tiene el contacto mas cercano a la gente, conoce su municipio y sabe qu\u00e9 actividad econ\u00f3mica le puede generar aglomeraciones (\u2026) entonces solo hay que regularlas. Pedirles ese esfuerzo\u201d, a\u00f1adi\u00f3.<\/p>\n\n\n\n<p>Finalmente en este tema asegur\u00f3 que la sociedad ya es m\u00e1s consciente y se cuida ante el inminente riesgo de contagios.<\/p>\n","protected":false},"excerpt":{"rendered":"<p>Dar\u00edo Pale Xalapa, Ver.- Se deben de revisar los procedimientos de actuaci\u00f3n para evitar que haya v\u00edctimas en fuegos cruzados, como sucedi\u00f3 en el municipio de Amatl\u00e1n el pasado fin de semana, as\u00ed se lo solicit\u00f3 el gobernador Cuitl\u00e1huac Garc\u00eda Jim\u00e9nez, a la Secretar\u00eda de Seguridad P\u00fablica (SSP). Durante su tradicional conferencia de prensa ahora [&hellip;]<\/p>\n","protected":false},"author":1,"featured_media":16086,"comment_status":"open","ping_status":"open","sticky":false,"template":"","format":"standard","meta":{"_jetpack_memberships_contains_paid_content":false,"footnotes":""},"categories":[2],"tags":[],"class_list":["post-16085","post","type-post","status-publish","format-standard","has-post-thumbnail","hentry","category-estado"],"jetpack_featured_media_url":"https:\/\/encuentroinformativo.com.mx\/wp-content\/uploads\/2021\/07\/4DF98A1A-370A-4C54-B188-DF9E24F350F0.jpeg","jetpack_sharing_enabled":true,"jetpack_likes_enabled":true,"amp_enabled":true,"_links":{"self":[{"href":"https:\/\/encuentroinformativo.com.mx\/index.php?rest_route=\/wp\/v2\/posts\/16085","targetHints":{"allow":["GET"]}}],"collection":[{"href":"https:\/\/encuentroinformativo.com.mx\/index.php?rest_route=\/wp\/v2\/posts"}],"about":[{"href":"https:\/\/encuentroinformativo.com.mx\/index.php?rest_route=\/wp\/v2\/types\/post"}],"author":[{"embeddable":true,"href":"https:\/\/encuentroinformativo.com.mx\/index.php?rest_route=\/wp\/v2\/users\/1"}],"replies":[{"embeddable":true,"href":"https:\/\/encuentroinformativo.com.mx\/index.php?rest_route=%2Fwp%2Fv2%2Fcomments&post=16085"}],"version-history":[{"count":1,"href":"https:\/\/encuentroinformativo.com.mx\/index.php?rest_route=\/wp\/v2\/posts\/16085\/revisions"}],"predecessor-version":[{"id":16087,"href":"https:\/\/encuentroinformativo.com.mx\/index.php?rest_route=\/wp\/v2\/posts\/16085\/revisions\/16087"}],"wp:featuredmedia":[{"embeddable":true,"href":"https:\/\/encuentroinformativo.com.mx\/index.php?rest_route=\/wp\/v2\/media\/16086"}],"wp:attachment":[{"href":"https:\/\/encuentroinformativo.com.mx\/index.php?rest_route=%2Fwp%2Fv2%2Fmedia&parent=16085"}],"wp:term":[{"taxonomy":"category","embeddable":true,"href":"https:\/\/encuentroinformativo.com.mx\/index.php?rest_route=%2Fwp%2Fv2%2Fcategories&post=16085"},{"taxonomy":"post_tag","embeddable":true,"href":"https:\/\/encuentroinformativo.com.mx\/index.php?rest_route=%2Fwp%2Fv2%2Ftags&post=16085"}],"curies":[{"name":"wp","href":"https:\/\/api.w.org\/{rel}","templated":true}]}}