{"id":16088,"date":"2021-07-05T14:54:46","date_gmt":"2021-07-05T19:54:46","guid":{"rendered":"https:\/\/encuentroinformativo.com.mx\/?p=16088"},"modified":"2021-07-05T14:54:51","modified_gmt":"2021-07-05T19:54:51","slug":"por-agresiones-periodistas-interponen-denuncia-contra-ssp","status":"publish","type":"post","link":"https:\/\/encuentroinformativo.com.mx\/?p=16088","title":{"rendered":"Por agresiones, periodistas interponen denuncia contra SSP"},"content":{"rendered":"\n<p><strong>Alejandro \u00c1vila<\/strong><\/p>\n\n\n\n<p>Coatzacoalcos, Ver.- Los cinco periodistas que fueron agredidos y despojados de sus equipos de telefon\u00eda celular el pasado s\u00e1bado 3 de julio, acudieron este lunes a la delegaci\u00f3n en Coatzacoalcos de la Fiscal\u00eda General del Estado para denunciar a los elementos de la Secretar\u00eda de Seguridad P\u00fablica que resulten responsables de los da\u00f1os ocasionados.<\/p>\n\n\n\n<p>Jos\u00e9 Alberto Mendoza Pulido, Mariaide Ramos Cisneros, Areliz Sosa Arredondo, Rodrigo P\u00e9rez Hern\u00e1ndez y Rafael Le\u00f3n Segovia, fueron los comunicadores que acudieron a denunciar, en compa\u00f1\u00eda de, Rubiel Vladimir Ram\u00edrez Ronquillo, director Jur\u00eddico de la Comisi\u00f3n Estatal de Atenci\u00f3n y Protecci\u00f3n a Periodistas (CEAPP).<\/p>\n\n\n\n<p>El litigante dijo se encuentran precisamente haciendo un corte del primer semestre de actividades, y aunque no mencion\u00f3 la cifra oficial de agresiones a periodistas durante este 2021, confirm\u00f3 que muchas de ellas provienen de elementos policiales.<\/p>\n\n\n\n<p>&#8220;S\u00ed hay algunos incidentes, de hecho tenemos algunos en el radar varios Incidentes con elementos de Seguridad P\u00fablica&#8221;, subray\u00f3 Ram\u00edrez Ronquillo.<\/p>\n\n\n\n<p>El abogado dijo que desde 2017, a\u00f1o en que ingres\u00f3 a la CEAPP, se han logrado varios acuerdos reparatorios o sentencias en contra de los agresores de periodistas, y espera en esta situaci\u00f3n suceda igual, aunque m\u00e1s desea no se vuelva a repetir.<\/p>\n\n\n\n<p>La Secretar\u00eda de Seguridad P\u00fablica, a\u00fan no se ha acercado con los comunicadores para dialogar con ellos, quiz\u00e1 esperando desahogar todo mediante la parte jur\u00eddica.<\/p>\n","protected":false},"excerpt":{"rendered":"<p>Alejandro \u00c1vila Coatzacoalcos, Ver.- Los cinco periodistas que fueron agredidos y despojados de sus equipos de telefon\u00eda celular el pasado s\u00e1bado 3 de julio, acudieron este lunes a la delegaci\u00f3n en Coatzacoalcos de la Fiscal\u00eda General del Estado para denunciar a los elementos de la Secretar\u00eda de Seguridad P\u00fablica que resulten responsables de los da\u00f1os [&hellip;]<\/p>\n","protected":false},"author":1,"featured_media":16089,"comment_status":"open","ping_status":"open","sticky":false,"template":"","format":"standard","meta":{"_jetpack_memberships_contains_paid_content":false,"footnotes":""},"categories":[2],"tags":[],"class_list":["post-16088","post","type-post","status-publish","format-standard","has-post-thumbnail","hentry","category-estado"],"jetpack_featured_media_url":"https:\/\/encuentroinformativo.com.mx\/wp-content\/uploads\/2021\/07\/866638B4-D22A-4FC2-99BB-5BE8635734E6.jpeg","jetpack_sharing_enabled":true,"jetpack_likes_enabled":true,"amp_enabled":true,"_links":{"self":[{"href":"https:\/\/encuentroinformativo.com.mx\/index.php?rest_route=\/wp\/v2\/posts\/16088","targetHints":{"allow":["GET"]}}],"collection":[{"href":"https:\/\/encuentroinformativo.com.mx\/index.php?rest_route=\/wp\/v2\/posts"}],"about":[{"href":"https:\/\/encuentroinformativo.com.mx\/index.php?rest_route=\/wp\/v2\/types\/post"}],"author":[{"embeddable":true,"href":"https:\/\/encuentroinformativo.com.mx\/index.php?rest_route=\/wp\/v2\/users\/1"}],"replies":[{"embeddable":true,"href":"https:\/\/encuentroinformativo.com.mx\/index.php?rest_route=%2Fwp%2Fv2%2Fcomments&post=16088"}],"version-history":[{"count":1,"href":"https:\/\/encuentroinformativo.com.mx\/index.php?rest_route=\/wp\/v2\/posts\/16088\/revisions"}],"predecessor-version":[{"id":16090,"href":"https:\/\/encuentroinformativo.com.mx\/index.php?rest_route=\/wp\/v2\/posts\/16088\/revisions\/16090"}],"wp:featuredmedia":[{"embeddable":true,"href":"https:\/\/encuentroinformativo.com.mx\/index.php?rest_route=\/wp\/v2\/media\/16089"}],"wp:attachment":[{"href":"https:\/\/encuentroinformativo.com.mx\/index.php?rest_route=%2Fwp%2Fv2%2Fmedia&parent=16088"}],"wp:term":[{"taxonomy":"category","embeddable":true,"href":"https:\/\/encuentroinformativo.com.mx\/index.php?rest_route=%2Fwp%2Fv2%2Fcategories&post=16088"},{"taxonomy":"post_tag","embeddable":true,"href":"https:\/\/encuentroinformativo.com.mx\/index.php?rest_route=%2Fwp%2Fv2%2Ftags&post=16088"}],"curies":[{"name":"wp","href":"https:\/\/api.w.org\/{rel}","templated":true}]}}