{"id":1609,"date":"2020-04-04T12:47:15","date_gmt":"2020-04-04T18:47:15","guid":{"rendered":"https:\/\/encuentroinformativo.com\/?p=1609"},"modified":"2020-04-04T12:47:17","modified_gmt":"2020-04-04T18:47:17","slug":"anuncia-amlo-plan-para-contratar-medicos-y-enfermeras","status":"publish","type":"post","link":"https:\/\/encuentroinformativo.com.mx\/?p=1609","title":{"rendered":"Anuncia AMLO plan para contratar m\u00e9dicos y enfermeras"},"content":{"rendered":"\n<p>Roxana Romero<\/p>\n\n\n\n<p>M\u00e9xico, (Fuente: <strong>Notimex<\/strong>).- El presidente Andr\u00e9s Manuel L\u00f3pez Obrador anunci\u00f3 un plan emergente para garantizar que todos los enfermos de COVID-19 sean atendidos en el pa\u00eds por un grupo especializado de m\u00e9dicos.<\/p>\n\n\n\n<p>En conferencia de prensa, se inform\u00f3 que el equipo especializado estar\u00e1 conformado por un m\u00e9dico o m\u00e9dica especialista en tratamiento de terapia intensiva, quien ser\u00e1 el jefe del grupo y estar\u00e1 a cargo de la atenci\u00f3n de 25 pacientes cr\u00edticos.<\/p>\n\n\n\n<p>El presidente indic\u00f3 que a las 19:00 horas, el doctor Hugo L\u00f3pez-Gatell dar\u00e1 a conocer los detalles de las contrataciones de los m\u00e9dicos que se inscriban; adem\u00e1s, a estos expertos se les pagar\u00e1 un mes por anticipado y a partir del lunes se les recibir\u00e1 para que comiencen a trabajar.<\/p>\n\n\n\n<p>El o la especialista en terapia intensiva se convertir\u00e1 el jefe de un grupo compuesto por otros cinco m\u00e9dicos o m\u00e9dicas generales o especialistas en otras \u00e1reas, pero que hayan sido capacitados para&nbsp;atender el&nbsp;COVID-19.<\/p>\n\n\n\n<p>Los y las expertas recibir\u00e1n una capacitaci\u00f3n con una plataforma de Capacitaci\u00f3n Continua, a trav\u00e9s de contenidos especializados y disponibles en la p\u00e1gina de internet coviduti.salud.segob.mx.<\/p>\n\n\n\n<p>Los contenidos fueron dise\u00f1ados por un grupo de expertos nacionales e internacionales y contemplan las tem\u00e1ticas de protecci\u00f3n personal y prevenci\u00f3n de infecciones, reconversi\u00f3n hospitalaria, apoyo a personal m\u00e9dico o intensivista, manejo del paciente cr\u00edtico y manejo t\u00e9cnico de ventiladores.<\/p>\n\n\n\n<p>Adem\u00e1s, se complementa con un foro virtual con micr\u00f3fonos abiertos que se efect\u00faa desde la sede del Instituto de Salud para el Bienestar (Insabi) todos los d\u00edas de 17:00 a 19:00 horas a fin de que el personal m\u00e9dico y de enfermer\u00eda interact\u00fae en tiempo real con los expertos para resolver dudas.<\/p>\n\n\n\n<p>V\u00edctor Hugo Borja Aburto, director de prestaciones m\u00e9dicas del IMSS, inform\u00f3 que se solicit\u00f3 a la Comisi\u00f3n de Formaci\u00f3n de Recursos Humanos en Salud que este a\u00f1o den incentivo a m\u00e9dicos generales que ayuden a la atenci\u00f3n de coronavirus y que les den dos puntos adicionales a aquellos que se contraten con el IMSS, se capaciten y atiendan a los pacientes&nbsp;con este virus.<\/p>\n\n\n\n<p>El funcionario explic\u00f3 que la contrataci\u00f3n de los m\u00e9dicos y las m\u00e9dicas se har\u00e1 por tiempo y obra determinada que les da seguridad social, les da los vi\u00e1ticos necesarios para ir a donde m\u00e1s se necesite.<\/p>\n\n\n\n<p>A su vez, L\u00f3pez Obrador indic\u00f3 que de acuerdo con datos oficiales, hay mil especialistas en terapia intensiva y el gobierno calcula que requieren estar preparados para m\u00ednimo 10 veces m\u00e1s, en general.<\/p>\n","protected":false},"excerpt":{"rendered":"<p>Roxana Romero M\u00e9xico, (Fuente: Notimex).- El presidente Andr\u00e9s Manuel L\u00f3pez Obrador anunci\u00f3 un plan emergente para garantizar que todos los enfermos de COVID-19 sean atendidos en el pa\u00eds por un grupo especializado de m\u00e9dicos. En conferencia de prensa, se inform\u00f3 que el equipo especializado estar\u00e1 conformado por un m\u00e9dico o m\u00e9dica especialista en tratamiento de [&hellip;]<\/p>\n","protected":false},"author":1,"featured_media":1610,"comment_status":"open","ping_status":"open","sticky":false,"template":"","format":"standard","meta":{"_jetpack_memberships_contains_paid_content":false,"footnotes":""},"categories":[12],"tags":[],"class_list":["post-1609","post","type-post","status-publish","format-standard","has-post-thumbnail","hentry","category-nacional"],"jetpack_featured_media_url":"https:\/\/encuentroinformativo.com.mx\/wp-content\/uploads\/2020\/04\/5A2F4EF7-9A85-4AD6-B741-564B750FDC2E.jpeg","jetpack_sharing_enabled":true,"jetpack_likes_enabled":true,"amp_enabled":true,"_links":{"self":[{"href":"https:\/\/encuentroinformativo.com.mx\/index.php?rest_route=\/wp\/v2\/posts\/1609","targetHints":{"allow":["GET"]}}],"collection":[{"href":"https:\/\/encuentroinformativo.com.mx\/index.php?rest_route=\/wp\/v2\/posts"}],"about":[{"href":"https:\/\/encuentroinformativo.com.mx\/index.php?rest_route=\/wp\/v2\/types\/post"}],"author":[{"embeddable":true,"href":"https:\/\/encuentroinformativo.com.mx\/index.php?rest_route=\/wp\/v2\/users\/1"}],"replies":[{"embeddable":true,"href":"https:\/\/encuentroinformativo.com.mx\/index.php?rest_route=%2Fwp%2Fv2%2Fcomments&post=1609"}],"version-history":[{"count":1,"href":"https:\/\/encuentroinformativo.com.mx\/index.php?rest_route=\/wp\/v2\/posts\/1609\/revisions"}],"predecessor-version":[{"id":1611,"href":"https:\/\/encuentroinformativo.com.mx\/index.php?rest_route=\/wp\/v2\/posts\/1609\/revisions\/1611"}],"wp:featuredmedia":[{"embeddable":true,"href":"https:\/\/encuentroinformativo.com.mx\/index.php?rest_route=\/wp\/v2\/media\/1610"}],"wp:attachment":[{"href":"https:\/\/encuentroinformativo.com.mx\/index.php?rest_route=%2Fwp%2Fv2%2Fmedia&parent=1609"}],"wp:term":[{"taxonomy":"category","embeddable":true,"href":"https:\/\/encuentroinformativo.com.mx\/index.php?rest_route=%2Fwp%2Fv2%2Fcategories&post=1609"},{"taxonomy":"post_tag","embeddable":true,"href":"https:\/\/encuentroinformativo.com.mx\/index.php?rest_route=%2Fwp%2Fv2%2Ftags&post=1609"}],"curies":[{"name":"wp","href":"https:\/\/api.w.org\/{rel}","templated":true}]}}