{"id":16091,"date":"2021-07-05T17:19:08","date_gmt":"2021-07-05T22:19:08","guid":{"rendered":"https:\/\/encuentroinformativo.com.mx\/?p=16091"},"modified":"2021-07-05T17:19:16","modified_gmt":"2021-07-05T22:19:16","slug":"camaras-empresariales-piden-informe-sobre-presunta-salida-de-policia-naval","status":"publish","type":"post","link":"https:\/\/encuentroinformativo.com.mx\/?p=16091","title":{"rendered":"C\u00e1maras empresariales piden informe sobre presunta salida de Polic\u00eda Naval"},"content":{"rendered":"\n<p><strong>Alejandro \u00c1vila<\/strong><\/p>\n\n\n\n<p>Veracruz, Ver.- Este martes 6 de julio los organismos empresariales sostendr\u00e1n una reuni\u00f3n con la Secretar\u00eda de Gobierno donde, entre otros temas, la prioridad ser\u00e1 conocer el motivo por el que existen menos elementos de la Polic\u00eda Naval patrullando la zona conurbada Veracruz &#8211; Boca del R\u00edo.<\/p>\n\n\n\n<p>El presidente de la CANACO Veracruz, Jos\u00e9 Antonio Mendoza Garc\u00eda, inform\u00f3 que en la mesa de trabajo estar\u00e1 presente el secretario de Gobierno, Eric Patrocinio Cisneros Burgos, de quien esperan el respaldo para evitar esta desbanda de la zona, misma que han notado en las \u00faltimas semanas.<\/p>\n\n\n\n<p>&#8220;Solamente queremos confirmar que es lo que est\u00e1 pasando, porque no podemos decir que ya est\u00e1 sucediendo, s\u00ed hemos visto un peque\u00f1o incremento en los ilicitos, pero s\u00ed necesitamos comprobar que est\u00e1 pasando, con las autoridades correspondientes&#8221;, declar\u00f3 el empresario.<\/p>\n\n\n\n<p>El presidente de CANACO Veracruz fue cauto y apunt\u00f3 que si bien existe la percepci\u00f3n de un menor n\u00famero de elementos patrullando las zonas, a\u00fan desconocen si existe un reacomodo de elementos policiales, por lo que solicitar\u00e1n el informe de este tema a los mandos navales.<\/p>\n\n\n\n<p>Mendoza Garc\u00eda, mencion\u00f3 que su homologo en Coatzacoalcos le confirm\u00f3 que en aquel municipio la Polic\u00eda Naval fue acomodada en otro proyecto de seguridad, por lo que ya no patrulla las calles, situaci\u00f3n que aparentemente est\u00e1 pasando en Veracruz de forma gradual, aunque esperaran el reporte del secretario de Gobierno sobre el tema.<\/p>\n","protected":false},"excerpt":{"rendered":"<p>Alejandro \u00c1vila Veracruz, Ver.- Este martes 6 de julio los organismos empresariales sostendr\u00e1n una reuni\u00f3n con la Secretar\u00eda de Gobierno donde, entre otros temas, la prioridad ser\u00e1 conocer el motivo por el que existen menos elementos de la Polic\u00eda Naval patrullando la zona conurbada Veracruz &#8211; Boca del R\u00edo. El presidente de la CANACO Veracruz, [&hellip;]<\/p>\n","protected":false},"author":1,"featured_media":16092,"comment_status":"open","ping_status":"open","sticky":false,"template":"","format":"standard","meta":{"_jetpack_memberships_contains_paid_content":false,"footnotes":""},"categories":[2],"tags":[],"class_list":["post-16091","post","type-post","status-publish","format-standard","has-post-thumbnail","hentry","category-estado"],"jetpack_featured_media_url":"https:\/\/encuentroinformativo.com.mx\/wp-content\/uploads\/2021\/07\/A6EFCAF2-E9F1-4F68-8B59-9CE288A49F07.jpeg","jetpack_sharing_enabled":true,"jetpack_likes_enabled":true,"amp_enabled":true,"_links":{"self":[{"href":"https:\/\/encuentroinformativo.com.mx\/index.php?rest_route=\/wp\/v2\/posts\/16091","targetHints":{"allow":["GET"]}}],"collection":[{"href":"https:\/\/encuentroinformativo.com.mx\/index.php?rest_route=\/wp\/v2\/posts"}],"about":[{"href":"https:\/\/encuentroinformativo.com.mx\/index.php?rest_route=\/wp\/v2\/types\/post"}],"author":[{"embeddable":true,"href":"https:\/\/encuentroinformativo.com.mx\/index.php?rest_route=\/wp\/v2\/users\/1"}],"replies":[{"embeddable":true,"href":"https:\/\/encuentroinformativo.com.mx\/index.php?rest_route=%2Fwp%2Fv2%2Fcomments&post=16091"}],"version-history":[{"count":1,"href":"https:\/\/encuentroinformativo.com.mx\/index.php?rest_route=\/wp\/v2\/posts\/16091\/revisions"}],"predecessor-version":[{"id":16093,"href":"https:\/\/encuentroinformativo.com.mx\/index.php?rest_route=\/wp\/v2\/posts\/16091\/revisions\/16093"}],"wp:featuredmedia":[{"embeddable":true,"href":"https:\/\/encuentroinformativo.com.mx\/index.php?rest_route=\/wp\/v2\/media\/16092"}],"wp:attachment":[{"href":"https:\/\/encuentroinformativo.com.mx\/index.php?rest_route=%2Fwp%2Fv2%2Fmedia&parent=16091"}],"wp:term":[{"taxonomy":"category","embeddable":true,"href":"https:\/\/encuentroinformativo.com.mx\/index.php?rest_route=%2Fwp%2Fv2%2Fcategories&post=16091"},{"taxonomy":"post_tag","embeddable":true,"href":"https:\/\/encuentroinformativo.com.mx\/index.php?rest_route=%2Fwp%2Fv2%2Ftags&post=16091"}],"curies":[{"name":"wp","href":"https:\/\/api.w.org\/{rel}","templated":true}]}}