{"id":16096,"date":"2021-07-06T10:44:11","date_gmt":"2021-07-06T15:44:11","guid":{"rendered":"https:\/\/encuentroinformativo.com.mx\/?p=16096"},"modified":"2021-07-06T10:44:15","modified_gmt":"2021-07-06T15:44:15","slug":"por-falta-de-presupuesto-abandona-espacios-educativos-escuela-del-puerto","status":"publish","type":"post","link":"https:\/\/encuentroinformativo.com.mx\/?p=16096","title":{"rendered":"Por falta de presupuesto, abandona Espacios Educativos escuela del puerto"},"content":{"rendered":"\n<p><strong>Alejandro \u00c1vila<\/strong><\/p>\n\n\n\n<p>Veracruz, Ver.- Tras el fuerte viento del norte del pasado 24 de diciembre, la escuela &#8220;Art\u00edculo Tercero&#8221; ubicada en la calle Flor de Cerezo #12 en la colonia El Vergel de Veracruz puerto sufri\u00f3 severos da\u00f1os en su infraestructura; tras solicitar apoyo a la direcci\u00f3n de Espacios Educativos, esta les dijo que no hab\u00eda dinero para la reparaci\u00f3n.<\/p>\n\n\n\n<p>Sergio Francisco V\u00e1zquez Rodr\u00edguez, director de la escuela, mencion\u00f3 que debido a esto y otras afectaciones subsecuentes, les ser\u00e1 imposible regresar a clases presenciales en agosto, pues los alumnos estar\u00edan en grave riesgo.<\/p>\n\n\n\n<p>&#8220;Tememos que con otro evento de norte de igual magnitud, podamos perder la l\u00e1mina del resto de los salones, y se est\u00e1n afectado m\u00e1s, pues porque no tenemos los recursos como escuela para poder repararlo&#8221;, apunt\u00f3.<\/p>\n\n\n\n<p>Tras una evaluaci\u00f3n, se hizo un estimado de 250 mil pesos para la reparaci\u00f3n del inmueble.<\/p>\n\n\n\n<p>&#8220;Calculamos alrededor de 200, 250 mil pesos para poder componer, poder poner un techo de loza, reparar la instalaci\u00f3n el\u00e9ctrica, los ventiladores, el mobiliario afectado, ese es el c\u00e1lculo que tenemos, podr\u00eda ascender hasta m\u00e1s&#8221;, recalc\u00f3.<\/p>\n\n\n\n<p>El docente, mencion\u00f3 que durante la entrega de material sanitizante, hace apenas unas semanas, tuvo la oportunidad de hablar con el secretario de Educaci\u00f3n, Zenyazen Escobar Garc\u00eda, quien tambi\u00e9n le prometi\u00f3 ayuda y \u00e9sta nunca lleg\u00f3; mientras que el director de Espacios Educativos, Ricardo Garc\u00eda Jim\u00e9nez, le expuso no hab\u00eda dinero para este 2021.<\/p>\n\n\n\n<p>&#8220;Yo me entrevist\u00e9 con el ingeniero Ricardo el d\u00eda 12 de enero, le entregu\u00e9 un documento donde le especificaba, le ense\u00f1\u00e9 fotos (\u2026) de parte de Espacios Educativos no tuvimos respuesta, tiempo despu\u00e9s cuando pude entrevistarme con el secretario de Educaci\u00f3n, cuando nos hizo entrega de materiales para limpiar las escuelas, \u00e9l se comprometi\u00f3 p\u00fablicamente, est\u00e1bamos todos los directores, supervisores, padres de familia reunidos, y ah\u00ed dijo que \u00e9l se compromet\u00eda a ayudarnos con la situaci\u00f3n, y he esperado los tiempos, pero lamentablemente la respuesta de Espacios Educativos es, que el presupuesto de este a\u00f1o ya se ejerci\u00f3 y que me tengo que esperar hasta el a\u00f1o que viene, y la verdad no lo veo justo porque no fue algo que hubi\u00e9ramos planeado&#8221;, sentenci\u00f3.<\/p>\n\n\n\n<p>Finalmente, V\u00e1zquez Rodr\u00edguez, destac\u00f3 que por la falta de techo, las lluvias han afectado con filtraciones a los salones de abajo, y ahora ya son 5 de 7 salones con\u00a0 problemas estructurales, por lo que descarta regresar a clases en agosto, debido a que correr\u00edan riesgo los 300 alumnos del turno matutino, y los 194 alumnos del turno vespertino.<\/p>\n\n\n\n<figure class=\"wp-block-image size-large\"><img loading=\"lazy\" decoding=\"async\" width=\"1024\" height=\"576\" src=\"https:\/\/encuentroinformativo.com.mx\/wp-content\/uploads\/2021\/07\/49C780F2-0F51-40C4-987C-E7DA069053F6-1024x576.jpeg\" alt=\"\" class=\"wp-image-16098\" srcset=\"https:\/\/encuentroinformativo.com.mx\/wp-content\/uploads\/2021\/07\/49C780F2-0F51-40C4-987C-E7DA069053F6-1024x576.jpeg 1024w, https:\/\/encuentroinformativo.com.mx\/wp-content\/uploads\/2021\/07\/49C780F2-0F51-40C4-987C-E7DA069053F6-300x169.jpeg 300w, https:\/\/encuentroinformativo.com.mx\/wp-content\/uploads\/2021\/07\/49C780F2-0F51-40C4-987C-E7DA069053F6-768x432.jpeg 768w, https:\/\/encuentroinformativo.com.mx\/wp-content\/uploads\/2021\/07\/49C780F2-0F51-40C4-987C-E7DA069053F6-1536x864.jpeg 1536w, https:\/\/encuentroinformativo.com.mx\/wp-content\/uploads\/2021\/07\/49C780F2-0F51-40C4-987C-E7DA069053F6.jpeg 1600w\" sizes=\"auto, (max-width: 1024px) 100vw, 1024px\" \/><\/figure>\n","protected":false},"excerpt":{"rendered":"<p>Alejandro \u00c1vila Veracruz, Ver.- Tras el fuerte viento del norte del pasado 24 de diciembre, la escuela &#8220;Art\u00edculo Tercero&#8221; ubicada en la calle Flor de Cerezo #12 en la colonia El Vergel de Veracruz puerto sufri\u00f3 severos da\u00f1os en su infraestructura; tras solicitar apoyo a la direcci\u00f3n de Espacios Educativos, esta les dijo que no [&hellip;]<\/p>\n","protected":false},"author":1,"featured_media":16097,"comment_status":"open","ping_status":"open","sticky":false,"template":"","format":"standard","meta":{"_jetpack_memberships_contains_paid_content":false,"footnotes":""},"categories":[2],"tags":[],"class_list":["post-16096","post","type-post","status-publish","format-standard","has-post-thumbnail","hentry","category-estado"],"jetpack_featured_media_url":"https:\/\/encuentroinformativo.com.mx\/wp-content\/uploads\/2021\/07\/F6AE3B21-8921-44F8-8DA1-335E04067391.jpeg","jetpack_sharing_enabled":true,"jetpack_likes_enabled":true,"amp_enabled":true,"_links":{"self":[{"href":"https:\/\/encuentroinformativo.com.mx\/index.php?rest_route=\/wp\/v2\/posts\/16096","targetHints":{"allow":["GET"]}}],"collection":[{"href":"https:\/\/encuentroinformativo.com.mx\/index.php?rest_route=\/wp\/v2\/posts"}],"about":[{"href":"https:\/\/encuentroinformativo.com.mx\/index.php?rest_route=\/wp\/v2\/types\/post"}],"author":[{"embeddable":true,"href":"https:\/\/encuentroinformativo.com.mx\/index.php?rest_route=\/wp\/v2\/users\/1"}],"replies":[{"embeddable":true,"href":"https:\/\/encuentroinformativo.com.mx\/index.php?rest_route=%2Fwp%2Fv2%2Fcomments&post=16096"}],"version-history":[{"count":1,"href":"https:\/\/encuentroinformativo.com.mx\/index.php?rest_route=\/wp\/v2\/posts\/16096\/revisions"}],"predecessor-version":[{"id":16099,"href":"https:\/\/encuentroinformativo.com.mx\/index.php?rest_route=\/wp\/v2\/posts\/16096\/revisions\/16099"}],"wp:featuredmedia":[{"embeddable":true,"href":"https:\/\/encuentroinformativo.com.mx\/index.php?rest_route=\/wp\/v2\/media\/16097"}],"wp:attachment":[{"href":"https:\/\/encuentroinformativo.com.mx\/index.php?rest_route=%2Fwp%2Fv2%2Fmedia&parent=16096"}],"wp:term":[{"taxonomy":"category","embeddable":true,"href":"https:\/\/encuentroinformativo.com.mx\/index.php?rest_route=%2Fwp%2Fv2%2Fcategories&post=16096"},{"taxonomy":"post_tag","embeddable":true,"href":"https:\/\/encuentroinformativo.com.mx\/index.php?rest_route=%2Fwp%2Fv2%2Ftags&post=16096"}],"curies":[{"name":"wp","href":"https:\/\/api.w.org\/{rel}","templated":true}]}}