{"id":161,"date":"2020-02-26T19:35:35","date_gmt":"2020-02-27T01:35:35","guid":{"rendered":"https:\/\/encuentroinformativodotcomdotmx.wordpress.com\/?p=161"},"modified":"2020-02-26T19:35:35","modified_gmt":"2020-02-27T01:35:35","slug":"no-habra-cambios-en-gobierno-eric-cisneros","status":"publish","type":"post","link":"https:\/\/encuentroinformativo.com.mx\/?p=161","title":{"rendered":"No habr\u00e1 cambios en Gobierno: Eric Cisneros"},"content":{"rendered":"<p><img loading=\"lazy\" decoding=\"async\" class=\"size-full wp-image-163 alignright\" src=\"https:\/\/encuentroinformativo.com.mx\/wp-content\/uploads\/2020\/02\/eric-cisneros.jpg\" alt=\"\" width=\"300\" height=\"233\" \/><\/p>\n<p><strong>\u00a0<\/strong><strong>Dar\u00edo Pale<\/strong><\/p>\n<p>Xalapa, Ver.- El Secretario de Gobierno Erick Cisneros Burgos dio a conocer que quienes hacen los se\u00f1alamientos de que el gobernador del estado Cuitl\u00e1huac Garc\u00eda Jim\u00e9nez se integre al gabinete del presidente de M\u00e9xico se van a quedar con las ganas ya que el gobernador ha estado trabajando recorriendo todo el estado.<\/p>\n<p>Entrevistado en conocido caf\u00e9 del centro de Xalapa, se\u00f1al\u00f3 que fue muy oportuna la suspensi\u00f3n de clases en algunos municipios por el paso del frente fr\u00edo n\u00famero 41 con lo cual se evitaron da\u00f1os a personas y solo fueron afectaciones materiales y hasta el momento hay saldo blanco.<\/p>\n<p>Con lo anterior se salvaguarda la integridad de los ni\u00f1os y ni\u00f1as estudiantes, y afortunadamente no hubo p\u00e9rdidas que lamentar, hay afectaciones a viviendas y en escuelas, por lo que las medidas que se tomaron fueron oportunas por parte de PC y de la SEV, ya solo falta hacer el recuento de los da\u00f1os materiales para iniciar la reconstrucci\u00f3n de los espacios.<\/p>\n<p><strong>Sin Cambios<\/strong><\/p>\n<p>En otro orden de ideas en lo que se refiere a que est\u00e1n solicitando que el gobernador de Veracruz se integre al gabinete del presidente de M\u00e9xico coment\u00f3 que \u201cnosotros vemos un gobernador que fue elegido por seis a\u00f1os por voluntad ciudadana libre sin presiones creo que es la primera elecci\u00f3n en Veracruz que se da sin coacci\u00f3n del voto en la historia del estado, tenemos un gobernador no s\u00f3lo legal si no leg\u00edtimamente elegido por el pueblo\u201d.<\/p>\n<p>\u201cYo veo a un gobernador trabajando, un gobernador que recorre el estado como pocos gobernadores lo han hecho no en helic\u00f3ptero ni en aviones si no que lo est\u00e1 haciendo a ras de suelo, un gobernador que es sensible y atiende a la gente, un gobernador que est\u00e1 trabajando todos los d\u00edas por la seguridad de este estado, hoy pueden ver ustedes los datos en el secretariado ejecutivo de seguridad p\u00fablica nacional en donde los \u00edndices empiezan sustancialmente a disminuir en varios de los rubros m\u00e1s importante que tienen que ver con la delincuencia\u201d, agreg\u00f3.<\/p>\n<p>Se\u00f1al\u00f3 que quiz\u00e1s algunos quisieran que las cosas fueran de otra manera, por lo que quienes hacen esos se\u00f1alamientos se van a quedar con las ganas y que mejor se integren a trabajar ya que los cambios siempre han sido complejos en las transformaciones del pa\u00eds y actualmente no es la excepci\u00f3n.<\/p>\n<p>Coment\u00f3 que actualmente hay conservadores camuflajeados de dem\u00f3cratas que quisieran que las cosas fueran diferentes pero se van a quedar con las ganas \u201cvamos a seguir trabajando\u201d.<\/p>\n<p>Por \u00faltimo en cuanto al exhorto que hace la iglesia en este tiempo de Cuaresma para que haga una tregua en este tiempo, se\u00f1al\u00f3 que son respetuosos de los grupos religiosos y si ellos opinan eso son respetuosos, ya que no s\u00f3lo se debe generar una tregua si no que se necesita hacer un cambio profundo en la sociedad en donde \u201cEl respeto al derecho ajeno es La Paz\u201d, por lo que hoy el respeto entre los mexicanos tambi\u00e9n va a ir constituyendo La Paz.<\/p>\n","protected":false},"excerpt":{"rendered":"<p>\u00a0Dar\u00edo Pale Xalapa, Ver.- El Secretario de Gobierno Erick Cisneros Burgos dio a conocer que quienes hacen los se\u00f1alamientos de que el gobernador del estado Cuitl\u00e1huac Garc\u00eda Jim\u00e9nez se integre al gabinete del presidente de M\u00e9xico se van a quedar con las ganas ya que el gobernador ha estado trabajando recorriendo todo el estado. Entrevistado [&hellip;]<\/p>\n","protected":false},"author":1,"featured_media":163,"comment_status":"open","ping_status":"open","sticky":false,"template":"","format":"standard","meta":{"_jetpack_memberships_contains_paid_content":false,"footnotes":""},"categories":[2],"tags":[],"class_list":["post-161","post","type-post","status-publish","format-standard","has-post-thumbnail","hentry","category-estado"],"jetpack_featured_media_url":"https:\/\/encuentroinformativo.com.mx\/wp-content\/uploads\/2020\/02\/eric-cisneros.jpg","jetpack_sharing_enabled":true,"jetpack_likes_enabled":true,"amp_enabled":true,"_links":{"self":[{"href":"https:\/\/encuentroinformativo.com.mx\/index.php?rest_route=\/wp\/v2\/posts\/161","targetHints":{"allow":["GET"]}}],"collection":[{"href":"https:\/\/encuentroinformativo.com.mx\/index.php?rest_route=\/wp\/v2\/posts"}],"about":[{"href":"https:\/\/encuentroinformativo.com.mx\/index.php?rest_route=\/wp\/v2\/types\/post"}],"author":[{"embeddable":true,"href":"https:\/\/encuentroinformativo.com.mx\/index.php?rest_route=\/wp\/v2\/users\/1"}],"replies":[{"embeddable":true,"href":"https:\/\/encuentroinformativo.com.mx\/index.php?rest_route=%2Fwp%2Fv2%2Fcomments&post=161"}],"version-history":[{"count":0,"href":"https:\/\/encuentroinformativo.com.mx\/index.php?rest_route=\/wp\/v2\/posts\/161\/revisions"}],"wp:featuredmedia":[{"embeddable":true,"href":"https:\/\/encuentroinformativo.com.mx\/index.php?rest_route=\/wp\/v2\/media\/163"}],"wp:attachment":[{"href":"https:\/\/encuentroinformativo.com.mx\/index.php?rest_route=%2Fwp%2Fv2%2Fmedia&parent=161"}],"wp:term":[{"taxonomy":"category","embeddable":true,"href":"https:\/\/encuentroinformativo.com.mx\/index.php?rest_route=%2Fwp%2Fv2%2Fcategories&post=161"},{"taxonomy":"post_tag","embeddable":true,"href":"https:\/\/encuentroinformativo.com.mx\/index.php?rest_route=%2Fwp%2Fv2%2Ftags&post=161"}],"curies":[{"name":"wp","href":"https:\/\/api.w.org\/{rel}","templated":true}]}}