{"id":16103,"date":"2021-07-06T12:58:46","date_gmt":"2021-07-06T17:58:46","guid":{"rendered":"https:\/\/encuentroinformativo.com.mx\/?p=16103"},"modified":"2021-07-06T12:58:50","modified_gmt":"2021-07-06T17:58:50","slug":"fnerrr-demanda-aplicacion-de-vacunas-para-estudiantes","status":"publish","type":"post","link":"https:\/\/encuentroinformativo.com.mx\/?p=16103","title":{"rendered":"FNERRR demanda aplicaci\u00f3n de vacunas para estudiantes"},"content":{"rendered":"\n<p><strong>Juan Arcos\/Dar\u00edo Pale<\/strong><\/p>\n\n\n\n<p>Xalapa, Ver.- Estudiantes antorchistas protestaron e hicieron una cadena humana en el centro de Xalapa para exigir que sean vacunados contra el SARS-COV-2 (COVID-19), antes del regreso a clases presenciales en la entidad.\u00a0<\/p>\n\n\n\n<p>Los integrantes de la Federaci\u00f3n Nacional de Estudiantes Revolucionarios Rafael Ram\u00edrez (FNERRR) se manifestaron sobre el parque Benito Ju\u00e1rez, frente a Palacio Municipal, para ser escuchados.&nbsp;<\/p>\n\n\n\n<p>De acuerdo con Samuel D\u00edaz Rosas, responsable estudiantil del Movimiento Antorchista en Xalapa, se exige una estrategia de vacunaci\u00f3n para los alumnos de los diferentes niveles educativos, en busca de un regreso a clases seguro.<\/p>\n\n\n\n<p>\u201cSabemos que hace unas horas se acaba de abrir el portal de la secretar\u00eda de salud para la vacunaci\u00f3n de los j\u00f3venes de 18 a\u00f1os en adelante; sin embargo, hay todav\u00eda la inc\u00f3gnita para los ni\u00f1os y ni\u00f1as de nivel b\u00e1sico\u201d.<\/p>\n\n\n\n<p>El entrevistado denunci\u00f3 que adem\u00e1s seis de cada diez escuelas carecen de la infraestructura necesaria y los insumos para evitar un rebrote de coronavirus.\u00a0<\/p>\n\n\n\n<p>Mencion\u00f3 que algunos planteles no tienen agua potable, ni recursos econ\u00f3micos para la compra de cubrebocas, gel antibacterial y l\u00edquidos desinfectantes.<\/p>\n\n\n\n<p>\u201cEl gobierno federal y estatal no se ha preocupado para llevar estos insumos a esas escuelas, no s\u00f3lo los estudiantes corren riesgo de ser contagiados, tambi\u00e9n los padres de familia\u201d.<\/p>\n\n\n\n<p>D\u00edaz Rosas opin\u00f3 que en otros estados de la Rep\u00fablica la nueva cepa del COVID-19, conocida como Delta, ha atacado a la poblaci\u00f3n estudiantil que tiene menos fe 18 a\u00f1os de edad.<\/p>\n\n\n\n<p>\u201cEntonces estamos en un riesgo inminente por la negligencia del gobierno federal y estatal de regresar a las aulas de manera presencial, podemos ser contagiados y nuestros ni\u00f1os y ni\u00f1as pueden perder la vida\u201d.<\/p>\n\n\n\n<p>Las protestas tambi\u00e9n se llevar\u00edan a cabo en la Ciudad de M\u00e9xico para que las autoridades un regreso a las aulas, de manera segura.<\/p>\n\n\n\n<p>&#8220;Ya que hace unos cuantos meses la Secretar\u00eda de Educaci\u00f3n hab\u00eda anunciado que el regreso ser\u00eda de manera presencial, sin embargo no ha habido un plan para regresar de manera presencial, o de manera segura para todos los j\u00f3venes&#8221;, se\u00f1al\u00f3.<\/p>\n\n\n\n<figure class=\"wp-block-image size-large\"><img loading=\"lazy\" decoding=\"async\" width=\"1024\" height=\"682\" src=\"https:\/\/encuentroinformativo.com.mx\/wp-content\/uploads\/2021\/07\/06C83369-CED6-4E8E-9DB1-6CBB8146715F-1024x682.jpeg\" alt=\"\" class=\"wp-image-16105\" srcset=\"https:\/\/encuentroinformativo.com.mx\/wp-content\/uploads\/2021\/07\/06C83369-CED6-4E8E-9DB1-6CBB8146715F-1024x682.jpeg 1024w, https:\/\/encuentroinformativo.com.mx\/wp-content\/uploads\/2021\/07\/06C83369-CED6-4E8E-9DB1-6CBB8146715F-300x200.jpeg 300w, https:\/\/encuentroinformativo.com.mx\/wp-content\/uploads\/2021\/07\/06C83369-CED6-4E8E-9DB1-6CBB8146715F-768x512.jpeg 768w, https:\/\/encuentroinformativo.com.mx\/wp-content\/uploads\/2021\/07\/06C83369-CED6-4E8E-9DB1-6CBB8146715F.jpeg 1280w\" sizes=\"auto, (max-width: 1024px) 100vw, 1024px\" \/><\/figure>\n","protected":false},"excerpt":{"rendered":"<p>Juan Arcos\/Dar\u00edo Pale Xalapa, Ver.- Estudiantes antorchistas protestaron e hicieron una cadena humana en el centro de Xalapa para exigir que sean vacunados contra el SARS-COV-2 (COVID-19), antes del regreso a clases presenciales en la entidad.\u00a0 Los integrantes de la Federaci\u00f3n Nacional de Estudiantes Revolucionarios Rafael Ram\u00edrez (FNERRR) se manifestaron sobre el parque Benito Ju\u00e1rez, [&hellip;]<\/p>\n","protected":false},"author":1,"featured_media":16104,"comment_status":"open","ping_status":"open","sticky":false,"template":"","format":"standard","meta":{"_jetpack_memberships_contains_paid_content":false,"footnotes":""},"categories":[3],"tags":[],"class_list":["post-16103","post","type-post","status-publish","format-standard","has-post-thumbnail","hentry","category-xalapa"],"jetpack_featured_media_url":"https:\/\/encuentroinformativo.com.mx\/wp-content\/uploads\/2021\/07\/52CA832E-057A-4110-8804-C4BD9CF01845.jpeg","jetpack_sharing_enabled":true,"jetpack_likes_enabled":true,"amp_enabled":true,"_links":{"self":[{"href":"https:\/\/encuentroinformativo.com.mx\/index.php?rest_route=\/wp\/v2\/posts\/16103","targetHints":{"allow":["GET"]}}],"collection":[{"href":"https:\/\/encuentroinformativo.com.mx\/index.php?rest_route=\/wp\/v2\/posts"}],"about":[{"href":"https:\/\/encuentroinformativo.com.mx\/index.php?rest_route=\/wp\/v2\/types\/post"}],"author":[{"embeddable":true,"href":"https:\/\/encuentroinformativo.com.mx\/index.php?rest_route=\/wp\/v2\/users\/1"}],"replies":[{"embeddable":true,"href":"https:\/\/encuentroinformativo.com.mx\/index.php?rest_route=%2Fwp%2Fv2%2Fcomments&post=16103"}],"version-history":[{"count":1,"href":"https:\/\/encuentroinformativo.com.mx\/index.php?rest_route=\/wp\/v2\/posts\/16103\/revisions"}],"predecessor-version":[{"id":16106,"href":"https:\/\/encuentroinformativo.com.mx\/index.php?rest_route=\/wp\/v2\/posts\/16103\/revisions\/16106"}],"wp:featuredmedia":[{"embeddable":true,"href":"https:\/\/encuentroinformativo.com.mx\/index.php?rest_route=\/wp\/v2\/media\/16104"}],"wp:attachment":[{"href":"https:\/\/encuentroinformativo.com.mx\/index.php?rest_route=%2Fwp%2Fv2%2Fmedia&parent=16103"}],"wp:term":[{"taxonomy":"category","embeddable":true,"href":"https:\/\/encuentroinformativo.com.mx\/index.php?rest_route=%2Fwp%2Fv2%2Fcategories&post=16103"},{"taxonomy":"post_tag","embeddable":true,"href":"https:\/\/encuentroinformativo.com.mx\/index.php?rest_route=%2Fwp%2Fv2%2Ftags&post=16103"}],"curies":[{"name":"wp","href":"https:\/\/api.w.org\/{rel}","templated":true}]}}