{"id":16117,"date":"2021-07-06T14:10:39","date_gmt":"2021-07-06T19:10:39","guid":{"rendered":"https:\/\/encuentroinformativo.com.mx\/?p=16117"},"modified":"2021-07-06T14:10:43","modified_gmt":"2021-07-06T19:10:43","slug":"casos-de-larga-data-sin-avances-acusa-colectivo","status":"publish","type":"post","link":"https:\/\/encuentroinformativo.com.mx\/?p=16117","title":{"rendered":"Casos de larga data sin avances, acusa Colectivo"},"content":{"rendered":"\n<p><strong>Dar\u00edo Pale<\/strong><\/p>\n\n\n\n<p>Xalapa, Ver.- La presidenta del Colectivo Por la Paz Xalapa, Sara Gonz\u00e1lez  y \u00c1urea Guzm\u00e1n se\u00f1alan que el fiscal Guillermo Romero, encargado de los casos de larga data, no ha avanzado en los tr\u00e1mites para la exhumaci\u00f3n del cuerpo del joven Ricardo Guzm\u00e1n P\u00e9rez el cual se encuentra en la fosa com\u00fan.<\/p>\n\n\n\n<p>En conferencia de prensa realizada en conocido caf\u00e9 del centro de Xalapa, los integrantes \u00a0del Colectivo por la Paz Xalapa pidieron que la Fiscal\u00eda General del Estado permita la exhumaci\u00f3n de un cuerpo que se encuentra en la fosa com\u00fan del pante\u00f3n Palo Verde, ubicado en esta capital, para realizarle pruebas de ADN y corroborar que se trata de los restos del joven Ricardo Guzm\u00e1n P\u00e9rez, quien desapareci\u00f3 el 27 de octubre de 2011.<\/p>\n\n\n\n<p>&#8220;As\u00ed nos van a llevar m\u00e1s tiempo. Ya tenemos diez a\u00f1os de estarlo buscando, estar con el dolor, la desesperaci\u00f3n de saber d\u00f3nde est\u00e1 y a la fecha no han hecho nada. Pido que hagan su trabajo como debe de ser. Ya lo reconoc\u00ed, ya saben d\u00f3nde est\u00e1 el cuerpo y bueno, exijo que me lo entreguen. Que se le hagan pruebas nuevamente porque me dec\u00eda ayer el licenciado Romero que ya ten\u00eda pruebas en el expediente de ADN, s\u00ed tiene pruebas que le hicieron en su momento, pero exijo que se le vuelvan a hacer&#8221;.<\/p>\n\n\n\n<p>Insistieron que la Fiscal\u00eda agilice los tr\u00e1mites para que se logre la firma de un juez y sea entregado el cuerpo y culminar con dicha b\u00fasqueda.<\/p>\n\n\n\n<p>De acuerdo a su hermana, Aurea Guzm\u00e1n P\u00e9rez, el cuerpo habr\u00eda sido localizado sin vida en noviembre de ese mismo a\u00f1o, enviado a Servicios Periciales y posteriormente enviado a dicha fosa com\u00fan. A pesar de la constante b\u00fasqueda, apenas en marzo de este a\u00f1o, Servicios Periciales facilit\u00f3 fotograf\u00edas del cuerpo a los familiares, quienes por algunas caracter\u00edsticas particulares identificaron el cuerpo.<\/p>\n\n\n\n<p>&#8220;Pude encontrar una similitud por su barbilla, fue como ped\u00ed m\u00e1s fotos y me ense\u00f1aron m\u00e1s y me llev\u00e9 la sorpresa desagradable de que efectivamente se trataba de mi hermano Ricardo Guzm\u00e1n P\u00e9rez, desaparecido&#8221;.<\/p>\n\n\n\n<p>Desde Servicios Periciales no han realizado los tr\u00e1mites para poder exhumar los restos, por ello los familiares de Ricardo Guzm\u00e1n hicieron p\u00fablica la denuncia para poder tener el cuerpo.<\/p>\n\n\n\n<p>\u201cTenemos 10 a\u00f1os de estarlo buscando y estar con el dolor, la desesperaci\u00f3n y hasta la fecha no han hecho nada. Quiero que hagan el trabajo como debe ser y que se le hagan las pruebas\u201d, coment\u00f3.<\/p>\n\n\n\n<p>Quiere la entrega de los restos y que se apliquen las pruebas para que no les sea entregado alguien que no corresponde.<\/p>\n\n\n\n<p>El cad\u00e1ver fue encontrado cinco d\u00edas despu\u00e9s de la desaparici\u00f3n, pero desde hace diez a\u00f1os los familiares han luchado para recuperar los restos y hasta la fecha no han obtenido respuestas favorables para hacer la debida sepultura.<\/p>\n\n\n\n<p>Han pasado cuatro meses de dicha identificaci\u00f3n y los restos no son entregados a sus familiares.\u00a0<\/p>\n","protected":false},"excerpt":{"rendered":"<p>Dar\u00edo Pale Xalapa, Ver.- La presidenta del Colectivo Por la Paz Xalapa, Sara Gonz\u00e1lez y \u00c1urea Guzm\u00e1n se\u00f1alan que el fiscal Guillermo Romero, encargado de los casos de larga data, no ha avanzado en los tr\u00e1mites para la exhumaci\u00f3n del cuerpo del joven Ricardo Guzm\u00e1n P\u00e9rez el cual se encuentra en la fosa com\u00fan. En [&hellip;]<\/p>\n","protected":false},"author":1,"featured_media":16118,"comment_status":"open","ping_status":"open","sticky":false,"template":"","format":"standard","meta":{"_jetpack_memberships_contains_paid_content":false,"footnotes":""},"categories":[3],"tags":[],"class_list":["post-16117","post","type-post","status-publish","format-standard","has-post-thumbnail","hentry","category-xalapa"],"jetpack_featured_media_url":"https:\/\/encuentroinformativo.com.mx\/wp-content\/uploads\/2021\/07\/C0E2F81E-DCAB-40BB-ABE8-6947C2A13193.jpeg","jetpack_sharing_enabled":true,"jetpack_likes_enabled":true,"amp_enabled":true,"_links":{"self":[{"href":"https:\/\/encuentroinformativo.com.mx\/index.php?rest_route=\/wp\/v2\/posts\/16117","targetHints":{"allow":["GET"]}}],"collection":[{"href":"https:\/\/encuentroinformativo.com.mx\/index.php?rest_route=\/wp\/v2\/posts"}],"about":[{"href":"https:\/\/encuentroinformativo.com.mx\/index.php?rest_route=\/wp\/v2\/types\/post"}],"author":[{"embeddable":true,"href":"https:\/\/encuentroinformativo.com.mx\/index.php?rest_route=\/wp\/v2\/users\/1"}],"replies":[{"embeddable":true,"href":"https:\/\/encuentroinformativo.com.mx\/index.php?rest_route=%2Fwp%2Fv2%2Fcomments&post=16117"}],"version-history":[{"count":1,"href":"https:\/\/encuentroinformativo.com.mx\/index.php?rest_route=\/wp\/v2\/posts\/16117\/revisions"}],"predecessor-version":[{"id":16119,"href":"https:\/\/encuentroinformativo.com.mx\/index.php?rest_route=\/wp\/v2\/posts\/16117\/revisions\/16119"}],"wp:featuredmedia":[{"embeddable":true,"href":"https:\/\/encuentroinformativo.com.mx\/index.php?rest_route=\/wp\/v2\/media\/16118"}],"wp:attachment":[{"href":"https:\/\/encuentroinformativo.com.mx\/index.php?rest_route=%2Fwp%2Fv2%2Fmedia&parent=16117"}],"wp:term":[{"taxonomy":"category","embeddable":true,"href":"https:\/\/encuentroinformativo.com.mx\/index.php?rest_route=%2Fwp%2Fv2%2Fcategories&post=16117"},{"taxonomy":"post_tag","embeddable":true,"href":"https:\/\/encuentroinformativo.com.mx\/index.php?rest_route=%2Fwp%2Fv2%2Ftags&post=16117"}],"curies":[{"name":"wp","href":"https:\/\/api.w.org\/{rel}","templated":true}]}}