{"id":16129,"date":"2021-07-06T16:19:01","date_gmt":"2021-07-06T21:19:01","guid":{"rendered":"https:\/\/encuentroinformativo.com.mx\/?p=16129"},"modified":"2021-07-06T16:19:05","modified_gmt":"2021-07-06T21:19:05","slug":"a-la-alza-intervenciones-de-la-ceapp","status":"publish","type":"post","link":"https:\/\/encuentroinformativo.com.mx\/?p=16129","title":{"rendered":"A la alza intervenciones de la CEAPP"},"content":{"rendered":"\n<p><strong>Dar\u00edo Pale<\/strong> <\/p>\n\n\n\n<p>Xalapa, Ver.- El secretario ejecutivo de la Comisi\u00f3n Estatal de Protecci\u00f3n y Atenci\u00f3n a Periodistas (CEAPP), Israel Hern\u00e1ndez, dio a conocer que se han incrementado las intervenciones de dicha instituci\u00f3n, la mayor\u00eda por cuestiones de salud.<\/p>\n\n\n\n<p>Dio a conocer que actualmente hay 65 intervenciones de enero a mayo por amenazas, de esas, cuatro han requerido medidas de protecci\u00f3n ya que si bien hay un incremento de intervenciones a comunicadores, la mayor\u00eda tienen que ver con temas de salud.<\/p>\n\n\n\n<p>En entrevista, puntualiz\u00f3 que de enero a mayo existen un promedio de 35 intervenciones al mes, &#8220;pero de esas el 60 por ciento son temas de salud. Nos estamos enfocando a temas integrales de salud. Una es la canalizaci\u00f3n para que reciban atenci\u00f3n m\u00e9dica en SESVER, en ISSSTE o en IMSS y, la otra es la atenci\u00f3n por temas de Covid&#8221;.<\/p>\n\n\n\n<p>Se\u00f1al\u00f3 que en el caso de las agresiones f\u00edsicas contra los reporteros, la Comisi\u00f3n interviene para presentar las denuncias correspondientes, tal como sucedi\u00f3 el fin de semana en el sur de Veracruz.<\/p>\n\n\n\n<p>En ese caso, mencion\u00f3 que ya se interpusieron las denuncias pertinentes ante la Fiscal\u00eda General del Estado, as\u00ed como la queja ante la Comisi\u00f3n Estatal de Derechos Humanos.<\/p>\n\n\n\n<p>Israel Hern\u00e1ndez agreg\u00f3 que en los primeros cinco meses del a\u00f1o tienen registrado un promedio de 65 intervenciones por amenazas o agresiones, pero aclar\u00f3 que son de riesgo bajo o moderado, por lo cual se emiten medidas de car\u00e1cter preventivo, para evitar que se materialice la agresi\u00f3n.<\/p>\n\n\n\n<p>Agreg\u00f3 que de esas, cuatro han requerido medidas de protecci\u00f3n, &#8220;hemos tenido un incremento significativo por parte de elementos de polic\u00edas municipales y lo hemos diagnosticado, lo cual nos lleva a establecer mejores medidas para ellos&#8221;.<\/p>\n\n\n\n<p>Asever\u00f3 que con el diagn\u00f3stico realizado por la Facultad de Ciencias Administrativas y Sociales en coordinaci\u00f3n con la Comisi\u00f3n podr\u00e1n tambi\u00e9n conocer lo que sucede en cada regi\u00f3n de Veracruz.<\/p>\n\n\n\n<p>Finalmente dio a conocer que el a\u00f1o pasado en la zona norte s\u00f3lo se abrieron dos expedientes, mientras que de enero a mayo de este a\u00f1o, ya suman entre 7 y 8 intervenciones.<\/p>\n","protected":false},"excerpt":{"rendered":"<p>Dar\u00edo Pale Xalapa, Ver.- El secretario ejecutivo de la Comisi\u00f3n Estatal de Protecci\u00f3n y Atenci\u00f3n a Periodistas (CEAPP), Israel Hern\u00e1ndez, dio a conocer que se han incrementado las intervenciones de dicha instituci\u00f3n, la mayor\u00eda por cuestiones de salud. Dio a conocer que actualmente hay 65 intervenciones de enero a mayo por amenazas, de esas, cuatro [&hellip;]<\/p>\n","protected":false},"author":1,"featured_media":16130,"comment_status":"open","ping_status":"open","sticky":false,"template":"","format":"standard","meta":{"_jetpack_memberships_contains_paid_content":false,"footnotes":""},"categories":[2],"tags":[],"class_list":["post-16129","post","type-post","status-publish","format-standard","has-post-thumbnail","hentry","category-estado"],"jetpack_featured_media_url":"https:\/\/encuentroinformativo.com.mx\/wp-content\/uploads\/2021\/07\/C3B57C52-E074-441C-9B72-ECFEE1BA7D34.jpeg","jetpack_sharing_enabled":true,"jetpack_likes_enabled":true,"amp_enabled":true,"_links":{"self":[{"href":"https:\/\/encuentroinformativo.com.mx\/index.php?rest_route=\/wp\/v2\/posts\/16129","targetHints":{"allow":["GET"]}}],"collection":[{"href":"https:\/\/encuentroinformativo.com.mx\/index.php?rest_route=\/wp\/v2\/posts"}],"about":[{"href":"https:\/\/encuentroinformativo.com.mx\/index.php?rest_route=\/wp\/v2\/types\/post"}],"author":[{"embeddable":true,"href":"https:\/\/encuentroinformativo.com.mx\/index.php?rest_route=\/wp\/v2\/users\/1"}],"replies":[{"embeddable":true,"href":"https:\/\/encuentroinformativo.com.mx\/index.php?rest_route=%2Fwp%2Fv2%2Fcomments&post=16129"}],"version-history":[{"count":1,"href":"https:\/\/encuentroinformativo.com.mx\/index.php?rest_route=\/wp\/v2\/posts\/16129\/revisions"}],"predecessor-version":[{"id":16131,"href":"https:\/\/encuentroinformativo.com.mx\/index.php?rest_route=\/wp\/v2\/posts\/16129\/revisions\/16131"}],"wp:featuredmedia":[{"embeddable":true,"href":"https:\/\/encuentroinformativo.com.mx\/index.php?rest_route=\/wp\/v2\/media\/16130"}],"wp:attachment":[{"href":"https:\/\/encuentroinformativo.com.mx\/index.php?rest_route=%2Fwp%2Fv2%2Fmedia&parent=16129"}],"wp:term":[{"taxonomy":"category","embeddable":true,"href":"https:\/\/encuentroinformativo.com.mx\/index.php?rest_route=%2Fwp%2Fv2%2Fcategories&post=16129"},{"taxonomy":"post_tag","embeddable":true,"href":"https:\/\/encuentroinformativo.com.mx\/index.php?rest_route=%2Fwp%2Fv2%2Ftags&post=16129"}],"curies":[{"name":"wp","href":"https:\/\/api.w.org\/{rel}","templated":true}]}}