{"id":16140,"date":"2021-07-06T19:28:19","date_gmt":"2021-07-07T00:28:19","guid":{"rendered":"https:\/\/encuentroinformativo.com.mx\/?p=16140"},"modified":"2021-07-06T19:28:24","modified_gmt":"2021-07-07T00:28:24","slug":"padres-de-ninos-con-cancer-denuncian-ante-fgr-desabasto-de-medicamentos","status":"publish","type":"post","link":"https:\/\/encuentroinformativo.com.mx\/?p=16140","title":{"rendered":"Padres de ni\u00f1os con c\u00e1ncer denuncian ante FGR desabasto de medicamentos"},"content":{"rendered":"\n<p><strong>Alejandro \u00c1vila<\/strong><\/p>\n\n\n\n<p>Veracruz, Ver.- Padres de familia de ni\u00f1os con c\u00e1ncer y que reciben tratamiento en el Hospital Infantil, acudieron a la delegaci\u00f3n de la Fiscal\u00eda General de la Rep\u00fablica en Veracruz puerto, para denunciar a quien resulte responsable por el desabasto de medicamento oncol\u00f3gico para continuar con quimioterapias.<\/p>\n\n\n\n<p>Cora de Jes\u00fas Rodr\u00edguez, vocera de las madres, se\u00f1al\u00f3 que ir\u00e1n por grupos a denunciar, para conformar una carpeta colectiva, al tiempo que lament\u00f3 que casi una semana de manifestaci\u00f3n y plant\u00f3n, han sido ignorados por el Gobierno Federal y&nbsp; Estatal, quienes los acusan de &#8220;golpistas&#8221;.<\/p>\n\n\n\n<p>&#8220;Ante las personas que est\u00e9n en todos esto, ya se que sean personas tanto estatales como federales. Al final del d\u00eda, nosotros lo que estamos buscando es que esas personas paguen o que nos den respuesta del porque no nos est\u00e1n dando medicamento (\u2026) estamos viendo lo del medicamento, que no nos falte medicamento ni estudios, que est\u00e9 todo completo&#8221;, se\u00f1al\u00f3 la vocera.<\/p>\n\n\n\n<p>La se\u00f1ora Cora, expuso que la denuncia se realiz\u00f3 en etapas, pues para este martes y tras varios d\u00edas de protesta, muchos padres de familia tuvieron que regresar a sus respectivos municipios a resolver temas personales, pero regresar\u00e1n en unas horas, pues dejaron a sus hijos internados o en supervisi\u00f3n, ya que les urge la colocaci\u00f3n de las dosis de medicamento.<\/p>\n\n\n\n<p>Tan solo en Veracruz puerto son 80 ni\u00f1os los que no reciben correctamente su medicamento desde octubre del 2020; aunque el n\u00famero de afectados en todo el Estado es mayor.<\/p>\n\n\n\n<p>Las madres informaron que hoy en la noche viajan a la Ciudad de M\u00e9xico, pues este miercoles tienen una reuni\u00f3n con el director general del Instituto de Salud Bienestar (INSABI), ya que el mismo funcionario declar\u00f3 que el \u00faltimo abastecimiento lo dieron el 25 de junio, pero a Veracruz no lleg\u00f3 nada.<\/p>\n\n\n\n<p>&#8220;Son varias claves las que nos hacen falta, osea son muchos medicamentos los que nos hacen falta, hasta antibioticos, imaginense, ni para el vomito, no hay nada de medicina. Ahorita se acaban de internar ni\u00f1os, y lamentablemente los ni\u00f1os que se est\u00e1n internando no cuentan con los medicamento&#8221;, culmin\u00f3.<\/p>\n","protected":false},"excerpt":{"rendered":"<p>Alejandro \u00c1vila Veracruz, Ver.- Padres de familia de ni\u00f1os con c\u00e1ncer y que reciben tratamiento en el Hospital Infantil, acudieron a la delegaci\u00f3n de la Fiscal\u00eda General de la Rep\u00fablica en Veracruz puerto, para denunciar a quien resulte responsable por el desabasto de medicamento oncol\u00f3gico para continuar con quimioterapias. Cora de Jes\u00fas Rodr\u00edguez, vocera de [&hellip;]<\/p>\n","protected":false},"author":2476,"featured_media":16139,"comment_status":"open","ping_status":"open","sticky":false,"template":"","format":"standard","meta":{"_jetpack_memberships_contains_paid_content":false,"footnotes":""},"categories":[9],"tags":[],"class_list":["post-16140","post","type-post","status-publish","format-standard","has-post-thumbnail","hentry","category-salud"],"jetpack_featured_media_url":"https:\/\/encuentroinformativo.com.mx\/wp-content\/uploads\/2021\/07\/C46FCE6C-6F70-4960-A09C-41C729B205D6.jpeg","jetpack_sharing_enabled":true,"jetpack_likes_enabled":true,"amp_enabled":true,"_links":{"self":[{"href":"https:\/\/encuentroinformativo.com.mx\/index.php?rest_route=\/wp\/v2\/posts\/16140","targetHints":{"allow":["GET"]}}],"collection":[{"href":"https:\/\/encuentroinformativo.com.mx\/index.php?rest_route=\/wp\/v2\/posts"}],"about":[{"href":"https:\/\/encuentroinformativo.com.mx\/index.php?rest_route=\/wp\/v2\/types\/post"}],"author":[{"embeddable":true,"href":"https:\/\/encuentroinformativo.com.mx\/index.php?rest_route=\/wp\/v2\/users\/2476"}],"replies":[{"embeddable":true,"href":"https:\/\/encuentroinformativo.com.mx\/index.php?rest_route=%2Fwp%2Fv2%2Fcomments&post=16140"}],"version-history":[{"count":1,"href":"https:\/\/encuentroinformativo.com.mx\/index.php?rest_route=\/wp\/v2\/posts\/16140\/revisions"}],"predecessor-version":[{"id":16141,"href":"https:\/\/encuentroinformativo.com.mx\/index.php?rest_route=\/wp\/v2\/posts\/16140\/revisions\/16141"}],"wp:featuredmedia":[{"embeddable":true,"href":"https:\/\/encuentroinformativo.com.mx\/index.php?rest_route=\/wp\/v2\/media\/16139"}],"wp:attachment":[{"href":"https:\/\/encuentroinformativo.com.mx\/index.php?rest_route=%2Fwp%2Fv2%2Fmedia&parent=16140"}],"wp:term":[{"taxonomy":"category","embeddable":true,"href":"https:\/\/encuentroinformativo.com.mx\/index.php?rest_route=%2Fwp%2Fv2%2Fcategories&post=16140"},{"taxonomy":"post_tag","embeddable":true,"href":"https:\/\/encuentroinformativo.com.mx\/index.php?rest_route=%2Fwp%2Fv2%2Ftags&post=16140"}],"curies":[{"name":"wp","href":"https:\/\/api.w.org\/{rel}","templated":true}]}}