{"id":16142,"date":"2021-07-06T19:37:06","date_gmt":"2021-07-07T00:37:06","guid":{"rendered":"https:\/\/encuentroinformativo.com.mx\/?p=16142"},"modified":"2021-07-06T19:37:12","modified_gmt":"2021-07-07T00:37:12","slug":"pandemia-elevo-casos-de-maltrato-infantil-especialistas","status":"publish","type":"post","link":"https:\/\/encuentroinformativo.com.mx\/?p=16142","title":{"rendered":"Pandemia elev\u00f3 casos de maltrato infantil: Especialistas"},"content":{"rendered":"\n<p><strong>Alejandro \u00c1vila<\/strong><\/p>\n\n\n\n<p>Veracruz, Ver. \u2013Lorena Cassani Casta\u00f1ales, enlace de Protocolos de Acoso Escolar, Maltrato Infantil y Actos de Connotaci\u00f3n Sexual en los Planteles Educativos, se\u00f1al\u00f3 que el Consejo Nacional para Prevenir la Discriminaci\u00f3n (CONAPRED) document\u00f3 que durante la pandemia se elevaron los casos de maltrato infantil en casa, de abuso sexual en casa.<\/p>\n\n\n\n<p>Sin embargo, conseguir los datos concretos se les ha complicado a las autoridades, pues ha sido menos posible obtener dicha informaci\u00f3n y datos certeros de las situaciones que vulneran los derechos de los ni\u00f1os y j\u00f3venes.<\/p>\n\n\n\n<p>\u201cPorque no se nota. En el momento que suceden desgraciadamente este tipo de situaciones, no lo hacen frente al monitor del Internet, de la computadora, entonces s\u00ed hemos tenido nosotros la necesidad de actuar de esta manera, para seguir atendiendo esta situaci\u00f3n que se est\u00e1 dando ahorita en tiempos de pandemia\u201d, subray\u00f3.<\/p>\n\n\n\n<p><strong>Expres\u00f3 que muchos de los maltratos que se dan a menores en casa, se debe al desconocimiento de los padres de c\u00f3mo educar a sus hijos, pues consideran que golpe\u00e1ndolo o grit\u00e1ndole, logran el objetivo de la educaci\u00f3n o disciplina.<\/strong><\/p>\n\n\n\n<p>\u201cEntonces, el problema es el desconocimiento de estas situaciones (\u2026) humillaciones frente a la computadora, golpes no muy fuertes, pero s\u00ed son el golpe en la cabeza, insultos como \u2018eres muy burro\u2019 o \u2018eres muy tonto\u2019 o \u2018ap\u00farale\u2019, o el manazo o el empuj\u00f3n, ese tipo de cosas han sido recurrentes y las hemos atendido puntualmente\u201d, declar\u00f3.<\/p>\n\n\n\n<p>Ante esto, mencion\u00f3 que se hace un llamado a los padres de familia, se les explica como son los protocolos de educaci\u00f3n, cuales son los derechos de los ni\u00f1os, \u201cellos todav\u00eda piensas que los hijos son como de su propiedad, y tenemos que cambiar esa percepci\u00f3n como general, que los ni\u00f1os no son de nuestra propiedad, los ni\u00f1os tienen sus propios derechos, tienen derecho a ser escuchados, tienen derechos a ser respetados y no pueden ser considerados como un objeto\u201d, remat\u00f3.<\/p>\n","protected":false},"excerpt":{"rendered":"<p>Alejandro \u00c1vila Veracruz, Ver. \u2013Lorena Cassani Casta\u00f1ales, enlace de Protocolos de Acoso Escolar, Maltrato Infantil y Actos de Connotaci\u00f3n Sexual en los Planteles Educativos, se\u00f1al\u00f3 que el Consejo Nacional para Prevenir la Discriminaci\u00f3n (CONAPRED) document\u00f3 que durante la pandemia se elevaron los casos de maltrato infantil en casa, de abuso sexual en casa. Sin embargo, [&hellip;]<\/p>\n","protected":false},"author":2476,"featured_media":16143,"comment_status":"open","ping_status":"open","sticky":false,"template":"","format":"standard","meta":{"_jetpack_memberships_contains_paid_content":false,"footnotes":""},"categories":[2],"tags":[],"class_list":["post-16142","post","type-post","status-publish","format-standard","has-post-thumbnail","hentry","category-estado"],"jetpack_featured_media_url":"https:\/\/encuentroinformativo.com.mx\/wp-content\/uploads\/2021\/07\/Lorena-Cassini.jpg","jetpack_sharing_enabled":true,"jetpack_likes_enabled":true,"amp_enabled":true,"_links":{"self":[{"href":"https:\/\/encuentroinformativo.com.mx\/index.php?rest_route=\/wp\/v2\/posts\/16142","targetHints":{"allow":["GET"]}}],"collection":[{"href":"https:\/\/encuentroinformativo.com.mx\/index.php?rest_route=\/wp\/v2\/posts"}],"about":[{"href":"https:\/\/encuentroinformativo.com.mx\/index.php?rest_route=\/wp\/v2\/types\/post"}],"author":[{"embeddable":true,"href":"https:\/\/encuentroinformativo.com.mx\/index.php?rest_route=\/wp\/v2\/users\/2476"}],"replies":[{"embeddable":true,"href":"https:\/\/encuentroinformativo.com.mx\/index.php?rest_route=%2Fwp%2Fv2%2Fcomments&post=16142"}],"version-history":[{"count":1,"href":"https:\/\/encuentroinformativo.com.mx\/index.php?rest_route=\/wp\/v2\/posts\/16142\/revisions"}],"predecessor-version":[{"id":16144,"href":"https:\/\/encuentroinformativo.com.mx\/index.php?rest_route=\/wp\/v2\/posts\/16142\/revisions\/16144"}],"wp:featuredmedia":[{"embeddable":true,"href":"https:\/\/encuentroinformativo.com.mx\/index.php?rest_route=\/wp\/v2\/media\/16143"}],"wp:attachment":[{"href":"https:\/\/encuentroinformativo.com.mx\/index.php?rest_route=%2Fwp%2Fv2%2Fmedia&parent=16142"}],"wp:term":[{"taxonomy":"category","embeddable":true,"href":"https:\/\/encuentroinformativo.com.mx\/index.php?rest_route=%2Fwp%2Fv2%2Fcategories&post=16142"},{"taxonomy":"post_tag","embeddable":true,"href":"https:\/\/encuentroinformativo.com.mx\/index.php?rest_route=%2Fwp%2Fv2%2Ftags&post=16142"}],"curies":[{"name":"wp","href":"https:\/\/api.w.org\/{rel}","templated":true}]}}