{"id":16155,"date":"2021-07-07T09:47:47","date_gmt":"2021-07-07T14:47:47","guid":{"rendered":"https:\/\/encuentroinformativo.com.mx\/?p=16155"},"modified":"2021-07-07T09:47:51","modified_gmt":"2021-07-07T14:47:51","slug":"finanzas-la-parte-mas-fuerte-del-gobierno-de-cuitlahuac","status":"publish","type":"post","link":"https:\/\/encuentroinformativo.com.mx\/?p=16155","title":{"rendered":"FINANZAS, LA PARTE M\u00c1S FUERTE DEL GOBIERNO DE CUITL\u00c1HUAC"},"content":{"rendered":"\n<p><strong>@pablojair<\/strong><\/p>\n\n\n\n<ul class=\"wp-block-list\"><li>Limpieza en la Polic\u00eda Ministerial.<\/li><li>M\u00e1s quejas contra delegados de Licha.<\/li><li>\u00bfPos no que los prianrredistas ganaron?<\/li><\/ul>\n\n\n\n<p>Las abuelitas jam\u00e1s deber\u00edan morir, nunca. Abrazote, mi ni\u00f1a.<br>&#8211;Chopenjawer<\/p>\n\n\n\n<p>En el pasado reciente fue creciendo uno de los mayores problemas que ha arrastrado el Gobierno de Veracruz: el financiero.<\/p>\n\n\n\n<p>Fue el sexenio del gobernador Patricio Chirinos Calero el \u00faltimo que entreg\u00f3 la administraci\u00f3n sin deuda y &#8211;se dice&#8211; hasta con dinero en las arcas del gobierno estatal para la siguiente administraci\u00f3n que ser\u00eda encabezada por Miguel Alem\u00e1n Velasco.<\/p>\n\n\n\n<p>El sexenio de Alem\u00e1n Velasco (el \u00faltimo en mantener la imagen de gobierno como una \u00e9lite muy fif\u00ed) fue tambi\u00e9n de los que tuvo muchos gastos onerosos. Un ejemplo muy peque\u00f1ito, es que el exmandatario muchas veces ni siquiera estaba en la entidad y ped\u00eda que se le enviaran v\u00eda a\u00e9rea los peri\u00f3dicos para leerlos en su residencia en Miami, desde donde gobernaba. Se recuerda que tambi\u00e9n fue muy criticado que al final de su sexenio &#8211;faltando unos d\u00edas para terminar su periodo&#8211; pidi\u00f3 un pr\u00e9stamo millonario que comenzar\u00eda la bola de nieve de deudas que crecer\u00edan en el periodo de Fidel Herrera.<\/p>\n\n\n\n<p>El cuenque\u00f1o, con todo el colmillo del mundo y sin tener que rendirle cuentas a nadie (no hab\u00eda presidente pri\u00edsta como jefe pol\u00edtico), pudo lograr dejar a su sucesor y que este operara la aprobaci\u00f3n de su cuenta p\u00fablica. Era vox populi que hab\u00eda un estado ya muy endeudado, pero todo se resolvi\u00f3 en el Congreso del Estado.<\/p>\n\n\n\n<p>Quien ya de plano no pudo con el monstruo en que se hab\u00eda convertido la deuda, fue Javier Duarte, quien cada a\u00f1o cambi\u00f3 de secretario de Finanzas porque \u00e9stos no estaban de acuerdo en la manera en que se manejaban los recursos y los desv\u00edos que se hac\u00edan.<\/p>\n\n\n\n<p>Le sigui\u00f3 Miguel \u00c1ngel Yunes Linares, quien no tuvo ni siquiera la intenci\u00f3n de sanear o resolver el tema y estuvo m\u00e1s abocado en heredar a su hijo la gubernatura. De esta manera, Yunes Linares, de manera muy irresponsable, no pag\u00f3 ninguna deuda. Esta actitud del exmandatario fue una de las tantas causas por las cuales no pudo dejar a su &#8220;chiquito&#8221;, pues segu\u00eda ahogando las finanzas del estado, as\u00ed como a proveedores, institutos, la UV, etc.<\/p>\n\n\n\n<p>Y as\u00ed en los \u00faltimos a\u00f1os se hizo una costumbre que Veracruz diera la nota nacional por el mal manejo de los recursos para el cumplimiento de sus obligaciones.<\/p>\n\n\n\n<p>Hoy la historia es distinta: Veracruz tiene finanzas m\u00e1s fuertes y es ejemplo nacional en materia financiera.<\/p>\n\n\n\n<p>Ahora se leen notas positivas que validan el trabajo que se realiza en la Secretar\u00eda de Finanzas y Planeaci\u00f3n (Sefiplan) con los reportes de las calificadoras, los avances en materia de transparencia, la reducci\u00f3n de la deuda y consolidando tendencias favorables en el sem\u00e1foro de alertas de la Secretar\u00eda de Hacienda federal.<\/p>\n\n\n\n<p>Sobre este tema hay una noticia reciente a destacar: la Secretar\u00eda de Hacienda y Cr\u00e9dito P\u00fablico report\u00f3 el pasado 30 de junio la evoluci\u00f3n del estado en el sem\u00e1foro de alertas 2020-2021, donde Veracruz mantiene por quinto periodo consecutivo sus tres indicadores en verde; es decir, sali\u00f3 con calificaci\u00f3n aprobatoria y consolid\u00e1ndose como uno de los estados con mejor manejo financiero en el pa\u00eds.<\/p>\n\n\n\n<p>\u00bfY de qu\u00e9 trata el mentado sem\u00e1foro? Son los niveles de endeudamiento de la entidad federativa que se clasifican en tres niveles: Endeudamiento Sostenible (verde); Endeudamiento en Observaci\u00f3n (amarillo); y Endeudamiento Elevado (rojo).<\/p>\n\n\n\n<p>\u00bfY cu\u00e1les son los mentados indicadores? Seg\u00fan el portal de disciplina financiera de Hacienda: &#8220;El Sistema de Alertas mide el nivel de endeudamiento de los Entes P\u00fablicos que tengan contratados Financiamientos y Obligaciones, y \u00e9stos se encuentren inscritos en el Registro P\u00fablico \u00danico, cuya fuente o garant\u00eda de pago sea de Ingresos de Libre Disposici\u00f3n. La Ley de Disciplina Financiera de las Entidades Federativas y los Municipios establece tres indicadores de corto y largo plazo para realizar la medici\u00f3n del Sistema de Alertas: (1) Deuda P\u00fablica y Obligaciones sobre Ingresos de Libre Disposici\u00f3n, (2) Servicio de la Deuda y de Obligaciones sobre Ingresos de Libre Disposici\u00f3n y (3) Obligaciones a Corto Plazo y Proveedores y Contratistas, menos los montos de efectivo, bancos e inversiones temporales, sobre Ingresos Totales&#8221;.<\/p>\n\n\n\n<p>En cifras: el primer indicador se encuentra vinculado con la sostenibilidad de la deuda del Ente P\u00fablico, en el cual Veracruz tiene 80.5%; el segundo hace referencia a la capacidad de pago, donde el servicio de la deuda sobre Ingresos de Libre Disposici\u00f3n representa el 6.6% para el estado; y el ultimo se asocia con la capacidad financiera del Ente P\u00fablico para hacer frente a sus obligaciones contratadas a plazos menores de 12 meses, en el que Veracruz tiene -3.1%.<\/p>\n\n\n\n<p>Un par\u00e1metro para comparar: Coahuila es uno de los estados m\u00e1s endeudados del pa\u00eds y sus dos primeros indicadores est\u00e1 en amarillo. Otro es Chihuahua, con todos los indicadores en amarillo, al igual que Quintana Roo. La informaci\u00f3n se puede checar en https:\/\/www.disciplinafinanciera.hacienda.gob.mx\/es\/DISCIPLINA_FINANCIERA\/Entidades_Federativas_2020.<\/p>\n\n\n\n<p>En este sentido, vale resaltar los esfuerzos que ha llevado a cabo el Gobierno del Estado encabezado por el ingeniero Cuitl\u00e1huac Garc\u00eda Jim\u00e9nez, de trabajar con orden, austeridad, transparencia y disciplina financiera, ha permitido tener estos \u00edndices en verde desde el segundo trimestre de 2020.<\/p>\n\n\n\n<p>Esto tambi\u00e9n ha permitido reestructurar los pasivos con nuevos y mejores esquemas que permiten liberar los ingresos del Estado y dejen de estar comprometidos a pagos de deuda, para que puedan ser ejercidos en acciones, obra p\u00fablica y programas en beneficio de Veracruz.<\/p>\n\n\n\n<p>Todo este esfuerzo, en tan solo 30 meses de la actual administraci\u00f3n.<\/p>\n\n\n\n<p>Ahora el compromiso del gobernador va encaminado a continuar con este saneamiento financiero; el responsable de esto es el equipo del secretario Jos\u00e9 Luis Lima Franco, que ha mostrado bastante capacidad, compromiso y voluntad para que todo est\u00e9 a favor de la estabilidad econ\u00f3mica y financiera de Veracruz.<\/p>\n\n\n\n<p>Vientos.<\/p>\n\n\n\n<p><strong>NOTA PARA PEGAR EN EL REFRI: <\/strong>Al interior de la Fiscal\u00eda General del Estado se sabe que est\u00e1n haciendo un depuraci\u00f3n de varios comandantes, delegados y jefes de grupo en la Polic\u00eda Ministerial, y los est\u00e1n dando de baja\u2026 \u00bfLa raz\u00f3n? Algunos no aprobaron ex\u00e1menes y a otros se les detect\u00f3 que est\u00e1n en la &#8220;n\u00f3mina&#8221; (\u00bf?)\u2026 \u00bfLo m\u00e1s grave? Tambi\u00e9n hay se\u00f1alados por presuntamente cometer desaparici\u00f3n forzada y secuestro\u2026 \u00bfOtros se\u00f1alamientos\/viejas pr\u00e1cticas? Negocian las \u00f3rdenes de aprehensi\u00f3n con las familias de los que van a detener; de esto incluso se habla que hay evidencia en video.<\/p>\n\n\n\n<p><strong>OTRA NOTA: <\/strong>Que no tardan en salir m\u00e1s se\u00f1alamientos de la tropa de la Polic\u00eda Estatal quej\u00e1ndose de los delegados que Licha Villareal pone y dispone como si fuesen figuritas decorativas en una vitrina. Seg\u00fan lo que ha trascendido, hay quejas especialmente en Las Choapas y Xalapa.<\/p>\n\n\n\n<p><strong>LA \u00daLTIMA PORQUE MA\u00d1ANA VOY A ANDAR DE GUAYABERA Y TODA LA COSA: <\/strong>Como que a estas alturas apenas les cay\u00f3 el 20 a los dirigentes partidistas del PRIANRD sobre los resultados de las pasadas elecciones y ahora resulta que est\u00e1n pidiendo la anulaci\u00f3n de los comicios de gobernador en San Luis Potos\u00ed, Michoac\u00e1n y Campeche, donde ganaron candidatos de Morena. En conferencia de prensa desde la CDMX, los dirigentes Marko Cort\u00e9s, del PAN; Alejandro Moreno, del PRI, y Jes\u00fas Zambrano, del PRD, se\u00f1alaron presuntas irregularidades que afloraron en esas tres entidades donde achacan injerencia del crimen organizado, rebase de topes de campa\u00f1a y hasta la influencia omnipresente de AMLO\u2026 La verdad es que el PRD perdi\u00f3 el \u00fanico basti\u00f3n que le quedaba (Michoac\u00e1n) y ser\u00e1 muy dif\u00edcil que acomoden a toda esa estructura\/militancia\/burocracia que seguramente van a sacar del poder\u2026 El PRI tampoco parece superar que no gan\u00f3 ninguna gubernatura y todas las perdi\u00f3, hasta la del estado natal del presidente tricolor\u2026 El PAN, pues equis\u2026 como su dirigente.<\/p>\n","protected":false},"excerpt":{"rendered":"<p>@pablojair Limpieza en la Polic\u00eda Ministerial. M\u00e1s quejas contra delegados de Licha. \u00bfPos no que los prianrredistas ganaron? Las abuelitas jam\u00e1s deber\u00edan morir, nunca. Abrazote, mi ni\u00f1a.&#8211;Chopenjawer En el pasado reciente fue creciendo uno de los mayores problemas que ha arrastrado el Gobierno de Veracruz: el financiero. Fue el sexenio del gobernador Patricio Chirinos Calero [&hellip;]<\/p>\n","protected":false},"author":1,"featured_media":488,"comment_status":"open","ping_status":"open","sticky":false,"template":"","format":"standard","meta":{"_jetpack_memberships_contains_paid_content":false,"footnotes":""},"categories":[11],"tags":[],"class_list":["post-16155","post","type-post","status-publish","format-standard","has-post-thumbnail","hentry","category-opinion"],"jetpack_featured_media_url":"https:\/\/encuentroinformativo.com.mx\/wp-content\/uploads\/2020\/03\/F471F608-BA1A-416B-BA7B-BCFB24F4E6D0.jpeg","jetpack_sharing_enabled":true,"jetpack_likes_enabled":true,"amp_enabled":true,"_links":{"self":[{"href":"https:\/\/encuentroinformativo.com.mx\/index.php?rest_route=\/wp\/v2\/posts\/16155","targetHints":{"allow":["GET"]}}],"collection":[{"href":"https:\/\/encuentroinformativo.com.mx\/index.php?rest_route=\/wp\/v2\/posts"}],"about":[{"href":"https:\/\/encuentroinformativo.com.mx\/index.php?rest_route=\/wp\/v2\/types\/post"}],"author":[{"embeddable":true,"href":"https:\/\/encuentroinformativo.com.mx\/index.php?rest_route=\/wp\/v2\/users\/1"}],"replies":[{"embeddable":true,"href":"https:\/\/encuentroinformativo.com.mx\/index.php?rest_route=%2Fwp%2Fv2%2Fcomments&post=16155"}],"version-history":[{"count":1,"href":"https:\/\/encuentroinformativo.com.mx\/index.php?rest_route=\/wp\/v2\/posts\/16155\/revisions"}],"predecessor-version":[{"id":16156,"href":"https:\/\/encuentroinformativo.com.mx\/index.php?rest_route=\/wp\/v2\/posts\/16155\/revisions\/16156"}],"wp:featuredmedia":[{"embeddable":true,"href":"https:\/\/encuentroinformativo.com.mx\/index.php?rest_route=\/wp\/v2\/media\/488"}],"wp:attachment":[{"href":"https:\/\/encuentroinformativo.com.mx\/index.php?rest_route=%2Fwp%2Fv2%2Fmedia&parent=16155"}],"wp:term":[{"taxonomy":"category","embeddable":true,"href":"https:\/\/encuentroinformativo.com.mx\/index.php?rest_route=%2Fwp%2Fv2%2Fcategories&post=16155"},{"taxonomy":"post_tag","embeddable":true,"href":"https:\/\/encuentroinformativo.com.mx\/index.php?rest_route=%2Fwp%2Fv2%2Ftags&post=16155"}],"curies":[{"name":"wp","href":"https:\/\/api.w.org\/{rel}","templated":true}]}}