{"id":16160,"date":"2021-07-07T12:43:13","date_gmt":"2021-07-07T17:43:13","guid":{"rendered":"https:\/\/encuentroinformativo.com.mx\/?p=16160"},"modified":"2021-07-07T12:43:17","modified_gmt":"2021-07-07T17:43:17","slug":"estoy-acostumbrado-a-remar-contra-corriente-senador-monreal","status":"publish","type":"post","link":"https:\/\/encuentroinformativo.com.mx\/?p=16160","title":{"rendered":"Estoy acostumbrado a remar contra corriente: Senador Monreal"},"content":{"rendered":"\n<p><strong>Redacci\u00f3n<\/strong><\/p>\n\n\n\n<p>Xalapa, Ver.- \u201cEstoy acostumbrado a remar contra corriente\u201d as\u00ed lo se\u00f1al\u00f3 el senador de la Rep\u00fablica Ricardo Monreal \u00c1vila al hacer alusi\u00f3n a sus aspiraciones a la Presidencia de la Rep\u00fablica.<\/p>\n\n\n\n<p>En conferencia de prensa, el presidente de la Junta de Coordinaci\u00f3n Pol\u00edtica en el Senado de la Rep\u00fablica, reiter\u00f3 que acudir\u00e1 puntual a la cita con la historia pero por el momento no se distraer\u00e1 de sus funciones como coordinador.<\/p>\n\n\n\n<p>En ese sentido precis\u00f3: \u201cYo tengo mucha claridad en lo que est\u00e1 pasando en el pa\u00eds, tengo mucha certeza en lo que representa la cuarta transformaci\u00f3n y el cambio de r\u00e9gimen\u2026 creo que hacia agosto-septiembre del 2023 se emitir\u00e1 la convocatoria en base a los estatutos de Morena y reitero que estar\u00e9 puntual a la cita con la historia\u201d.<\/p>\n\n\n\n<p>Soy un hombre de fe -enfatiz\u00f3- y toda mi vida ha sido contracorriente, navegar contra corriente, remar contra corriente, la adversidad siempre me ha acompa\u00f1ado y me he acostumbrado a ella, el hecho de que no me mencione el ciudadano presidente no me molesta ni me ofende, es m\u00e1s creo que es normal.<\/p>\n\n\n\n<p>Y es que Monreal \u00c1vila consider\u00f3 que el ejecutivo federal ha hecho menci\u00f3n de los posibles candidatos a sucederlo pero dentro de quienes se encuentran dentro de su propia administraci\u00f3n como sus colaboradores, por lo que estim\u00f3 que debido a que \u00e9l representa un poder distinto y aut\u00f3nomo es que no ha sido enunciado en esa lista.<\/p>\n\n\n\n<p>\u201cYo estoy en un poder soberano, independiente, aut\u00f3nomo, y fue \u00e9l cuidadoso y pulcro en su referencia, al referirse a sus colaboradores es su derecho y tiene raz\u00f3n, \u00e9l menciona a los que cree mejor calificados para el desempe\u00f1o del futuro. Yo tengo una buena opini\u00f3n de todos los que ha mencionado el presidente\u2026 y eso no evita que yo sea un aspirante normal no un ambicioso vulgar, sino un aspirante normal a suceder al presidente de la Rep\u00fablica, acudir\u00e9 puntual a la cita pero no me distraer\u00e9 estos meses y a\u00f1os que tengo la encomienda de coordinar al grupo parlamentario\u201d, puntualiz\u00f3.<\/p>\n","protected":false},"excerpt":{"rendered":"<p>Redacci\u00f3n Xalapa, Ver.- \u201cEstoy acostumbrado a remar contra corriente\u201d as\u00ed lo se\u00f1al\u00f3 el senador de la Rep\u00fablica Ricardo Monreal \u00c1vila al hacer alusi\u00f3n a sus aspiraciones a la Presidencia de la Rep\u00fablica. En conferencia de prensa, el presidente de la Junta de Coordinaci\u00f3n Pol\u00edtica en el Senado de la Rep\u00fablica, reiter\u00f3 que acudir\u00e1 puntual a [&hellip;]<\/p>\n","protected":false},"author":1,"featured_media":16161,"comment_status":"open","ping_status":"open","sticky":false,"template":"","format":"standard","meta":{"_jetpack_memberships_contains_paid_content":false,"footnotes":""},"categories":[12],"tags":[],"class_list":["post-16160","post","type-post","status-publish","format-standard","has-post-thumbnail","hentry","category-nacional"],"jetpack_featured_media_url":"https:\/\/encuentroinformativo.com.mx\/wp-content\/uploads\/2021\/07\/0DB8720A-F685-41F8-BC0B-F332160B25BF.jpeg","jetpack_sharing_enabled":true,"jetpack_likes_enabled":true,"amp_enabled":true,"_links":{"self":[{"href":"https:\/\/encuentroinformativo.com.mx\/index.php?rest_route=\/wp\/v2\/posts\/16160","targetHints":{"allow":["GET"]}}],"collection":[{"href":"https:\/\/encuentroinformativo.com.mx\/index.php?rest_route=\/wp\/v2\/posts"}],"about":[{"href":"https:\/\/encuentroinformativo.com.mx\/index.php?rest_route=\/wp\/v2\/types\/post"}],"author":[{"embeddable":true,"href":"https:\/\/encuentroinformativo.com.mx\/index.php?rest_route=\/wp\/v2\/users\/1"}],"replies":[{"embeddable":true,"href":"https:\/\/encuentroinformativo.com.mx\/index.php?rest_route=%2Fwp%2Fv2%2Fcomments&post=16160"}],"version-history":[{"count":1,"href":"https:\/\/encuentroinformativo.com.mx\/index.php?rest_route=\/wp\/v2\/posts\/16160\/revisions"}],"predecessor-version":[{"id":16162,"href":"https:\/\/encuentroinformativo.com.mx\/index.php?rest_route=\/wp\/v2\/posts\/16160\/revisions\/16162"}],"wp:featuredmedia":[{"embeddable":true,"href":"https:\/\/encuentroinformativo.com.mx\/index.php?rest_route=\/wp\/v2\/media\/16161"}],"wp:attachment":[{"href":"https:\/\/encuentroinformativo.com.mx\/index.php?rest_route=%2Fwp%2Fv2%2Fmedia&parent=16160"}],"wp:term":[{"taxonomy":"category","embeddable":true,"href":"https:\/\/encuentroinformativo.com.mx\/index.php?rest_route=%2Fwp%2Fv2%2Fcategories&post=16160"},{"taxonomy":"post_tag","embeddable":true,"href":"https:\/\/encuentroinformativo.com.mx\/index.php?rest_route=%2Fwp%2Fv2%2Ftags&post=16160"}],"curies":[{"name":"wp","href":"https:\/\/api.w.org\/{rel}","templated":true}]}}