{"id":16163,"date":"2021-07-07T13:40:27","date_gmt":"2021-07-07T18:40:27","guid":{"rendered":"https:\/\/encuentroinformativo.com.mx\/?p=16163"},"modified":"2021-07-07T13:40:32","modified_gmt":"2021-07-07T18:40:32","slug":"proximo-ciclo-escolar-seria-virtual-sindicatos","status":"publish","type":"post","link":"https:\/\/encuentroinformativo.com.mx\/?p=16163","title":{"rendered":"Pr\u00f3ximo ciclo escolar ser\u00eda virtual: Sindicatos"},"content":{"rendered":"\n<p><strong>Dar\u00edo Pale<\/strong><\/p>\n\n\n\n<p>Xalapa, Ver.- El siguiente semestre del pr\u00f3ximo ciclo escolar se tendr\u00e1 que hacer de manera virtual, por lo que no habr\u00eda regreso presencial hasta el 2022, as\u00ed lo se\u00f1al\u00f3 Eliseo Islas Chagoya, secretario general del Sindicato Independiente de Trabajadores de Telebachillerato.<\/p>\n\n\n\n<p>Entrevistado en conocido caf\u00e9 del centro de Xalapa coment\u00f3 que, \u00a0&#8220;no podr\u00e1 ser h\u00edbrido, no podr\u00e1 ser presencial, sino nuevamente a trav\u00e9s de los medios de comunicaci\u00f3n&#8221;.<\/p>\n\n\n\n<p>Agradeci\u00f3 a los padres de familia, porque han jugado un papel fundamental para que sus hijos puedan avanzar en su educaci\u00f3n, adem\u00e1s de que la Secretar\u00eda de Educaci\u00f3n ha hecho un gran esfuerzo para que los centros escolares est\u00e9n lo mejor posible.<\/p>\n\n\n\n<p>Se\u00f1al\u00f3 que la pandemia, as\u00ed como la nueva cepa, hacen muy complicado que se regrese a clases presenciales, adem\u00e1s estim\u00f3 que hasta que est\u00e9 vacunado el 85 por ciento de la sociedad, habr\u00eda la posibilidad de retornar a las clases presenciales.<\/p>\n\n\n\n<p>Dio a conocer que pese a que ya se abri\u00f3 el registro para la vacunaci\u00f3n a los j\u00f3venes de 18 a\u00f1os en adelante, &#8220;considero que en un par de meses m\u00e1s podr\u00edamos regresar. Es decir, este a\u00f1o lo vamos a culminar -no soy profeta ni tengo una bolita de cristal-, pero soy padre de familia y un dirigente responsable y serio, que dice la verdad a la sociedad. En ese sentido, no vamos a regresar hasta el siguiente a\u00f1o&#8221;, apunt\u00f3.<\/p>\n\n\n\n<p>Finalmente se\u00f1alo que la Secretar\u00eda de Salud ha puesto en marcha una buena estrategia contra el Covid, porque a partir de este martes los j\u00f3venes de 18 a 29 ya pueden registrarse para la vacunaci\u00f3n.<\/p>\n","protected":false},"excerpt":{"rendered":"<p>Dar\u00edo Pale Xalapa, Ver.- El siguiente semestre del pr\u00f3ximo ciclo escolar se tendr\u00e1 que hacer de manera virtual, por lo que no habr\u00eda regreso presencial hasta el 2022, as\u00ed lo se\u00f1al\u00f3 Eliseo Islas Chagoya, secretario general del Sindicato Independiente de Trabajadores de Telebachillerato. Entrevistado en conocido caf\u00e9 del centro de Xalapa coment\u00f3 que, \u00a0&#8220;no podr\u00e1 [&hellip;]<\/p>\n","protected":false},"author":1,"featured_media":16164,"comment_status":"open","ping_status":"open","sticky":false,"template":"","format":"standard","meta":{"_jetpack_memberships_contains_paid_content":false,"footnotes":""},"categories":[2],"tags":[],"class_list":["post-16163","post","type-post","status-publish","format-standard","has-post-thumbnail","hentry","category-estado"],"jetpack_featured_media_url":"https:\/\/encuentroinformativo.com.mx\/wp-content\/uploads\/2021\/07\/004C62CA-88DA-4FEF-B3E8-23CC18B65894.jpeg","jetpack_sharing_enabled":true,"jetpack_likes_enabled":true,"amp_enabled":true,"_links":{"self":[{"href":"https:\/\/encuentroinformativo.com.mx\/index.php?rest_route=\/wp\/v2\/posts\/16163","targetHints":{"allow":["GET"]}}],"collection":[{"href":"https:\/\/encuentroinformativo.com.mx\/index.php?rest_route=\/wp\/v2\/posts"}],"about":[{"href":"https:\/\/encuentroinformativo.com.mx\/index.php?rest_route=\/wp\/v2\/types\/post"}],"author":[{"embeddable":true,"href":"https:\/\/encuentroinformativo.com.mx\/index.php?rest_route=\/wp\/v2\/users\/1"}],"replies":[{"embeddable":true,"href":"https:\/\/encuentroinformativo.com.mx\/index.php?rest_route=%2Fwp%2Fv2%2Fcomments&post=16163"}],"version-history":[{"count":1,"href":"https:\/\/encuentroinformativo.com.mx\/index.php?rest_route=\/wp\/v2\/posts\/16163\/revisions"}],"predecessor-version":[{"id":16165,"href":"https:\/\/encuentroinformativo.com.mx\/index.php?rest_route=\/wp\/v2\/posts\/16163\/revisions\/16165"}],"wp:featuredmedia":[{"embeddable":true,"href":"https:\/\/encuentroinformativo.com.mx\/index.php?rest_route=\/wp\/v2\/media\/16164"}],"wp:attachment":[{"href":"https:\/\/encuentroinformativo.com.mx\/index.php?rest_route=%2Fwp%2Fv2%2Fmedia&parent=16163"}],"wp:term":[{"taxonomy":"category","embeddable":true,"href":"https:\/\/encuentroinformativo.com.mx\/index.php?rest_route=%2Fwp%2Fv2%2Fcategories&post=16163"},{"taxonomy":"post_tag","embeddable":true,"href":"https:\/\/encuentroinformativo.com.mx\/index.php?rest_route=%2Fwp%2Fv2%2Ftags&post=16163"}],"curies":[{"name":"wp","href":"https:\/\/api.w.org\/{rel}","templated":true}]}}