{"id":16166,"date":"2021-07-07T14:20:30","date_gmt":"2021-07-07T19:20:30","guid":{"rendered":"https:\/\/encuentroinformativo.com.mx\/?p=16166"},"modified":"2021-07-07T14:20:35","modified_gmt":"2021-07-07T19:20:35","slug":"se-registro-dario-hernandez-en-busca-de-rectoria-uv","status":"publish","type":"post","link":"https:\/\/encuentroinformativo.com.mx\/?p=16166","title":{"rendered":"Se registr\u00f3 Dar\u00edo Hern\u00e1ndez en busca de rector\u00eda UV"},"content":{"rendered":"\n<p><strong>Juan Arcos<\/strong><\/p>\n\n\n\n<p>Xalapa, Ver.- El economista Dar\u00edo Fabi\u00e1n Hern\u00e1ndez Gonz\u00e1lez se registr\u00f3 como aspirante a la Rector\u00eda de la Universidad Veracruzana (UV) para participar en el proceso para la sucesi\u00f3n de Sara Ladr\u00f3n de Guevara Gonz\u00e1lez.<\/p>\n\n\n\n<p>El entrevistado se\u00f1al\u00f3 que la m\u00e1xima casa de estudios del estado debe estar preparada para atender cualquier contingencia y ser un ente activo.<\/p>\n\n\n\n<p>La tarde del martes, el Doctor en Educaci\u00f3n con especializaci\u00f3n en Econom\u00eda por la Universidad de La Salle, Costa Rica, present\u00f3 cuatro carpetas de expedientes con al menos 400 documentos en la Junta de Gobierno, para cumplir con los requisitos correspondientes.<br>Detall\u00f3 que cada hoja conten\u00eda informaci\u00f3n alusiva a las horas laborales ejercidas en la universidad, los grados acad\u00e9micos que ha obtenido, las tutor\u00edas ofrecidas, tesis elaboradas o asesoradas, las horas frente a grupos, edici\u00f3n o creaci\u00f3n de libros, entre otras actividades de su vida acad\u00e9mica.<\/p>\n\n\n\n<p>El acad\u00e9mico expres\u00f3 que su \u201cProyecto de rescate y transformaci\u00f3n de la UV\u201d contiene un apartado para contemplar situaciones como la vigente pandemia de SARS-COV-2 (COVID-19).<\/p>\n\n\n\n<p>Su proyecto busca consolidar una instituci\u00f3n preparada y prevenida con protocolos para contingencias no solo sanitarias, si no tambi\u00e9n clim\u00e1ticas, sociales, econ\u00f3micas o cualquier asunto que pueda presentarse en la entidad.<\/p>\n\n\n\n<p>\u201cEstar a la altura de las circunstancias en diferentes escenarios. El proyecto tiene un fuerte \u00e9nfasis hacia atender no solo las situaciones que se presentan en protocolos y sistemas internos, si no la Universidad como apoyo a la sociedad, al Gobierno y al sistema productivo. Que pese a las contingencias seamos un actor activo y no pasivo, ni introspectivo\u201d, expres\u00f3.<\/p>\n\n\n\n<p>Cabe mencionar que su registro inici\u00f3 desde las doce del d\u00eda cuando le confirmaron la hora exacta para su asistencia presencial a la Junta de Gobierno.<\/p>\n\n\n\n<p>Para las cuatro de la tarde, el aspirante a rector de la Universidad Veracruzana exhibi\u00f3 la documentaci\u00f3n requerida por los miembros de la Junta de Gobierno, quienes el pr\u00f3ximo 30 de agosto, dar\u00e1n a conocer qui\u00e9n ocupar\u00e1 el cargo mencionado.<\/p>\n","protected":false},"excerpt":{"rendered":"<p>Juan Arcos Xalapa, Ver.- El economista Dar\u00edo Fabi\u00e1n Hern\u00e1ndez Gonz\u00e1lez se registr\u00f3 como aspirante a la Rector\u00eda de la Universidad Veracruzana (UV) para participar en el proceso para la sucesi\u00f3n de Sara Ladr\u00f3n de Guevara Gonz\u00e1lez. El entrevistado se\u00f1al\u00f3 que la m\u00e1xima casa de estudios del estado debe estar preparada para atender cualquier contingencia y [&hellip;]<\/p>\n","protected":false},"author":1,"featured_media":16167,"comment_status":"open","ping_status":"open","sticky":false,"template":"","format":"standard","meta":{"_jetpack_memberships_contains_paid_content":false,"footnotes":""},"categories":[2],"tags":[],"class_list":["post-16166","post","type-post","status-publish","format-standard","has-post-thumbnail","hentry","category-estado"],"jetpack_featured_media_url":"https:\/\/encuentroinformativo.com.mx\/wp-content\/uploads\/2021\/07\/DCA8FEB9-83A6-4793-8500-DB29232907F0.jpeg","jetpack_sharing_enabled":true,"jetpack_likes_enabled":true,"amp_enabled":true,"_links":{"self":[{"href":"https:\/\/encuentroinformativo.com.mx\/index.php?rest_route=\/wp\/v2\/posts\/16166","targetHints":{"allow":["GET"]}}],"collection":[{"href":"https:\/\/encuentroinformativo.com.mx\/index.php?rest_route=\/wp\/v2\/posts"}],"about":[{"href":"https:\/\/encuentroinformativo.com.mx\/index.php?rest_route=\/wp\/v2\/types\/post"}],"author":[{"embeddable":true,"href":"https:\/\/encuentroinformativo.com.mx\/index.php?rest_route=\/wp\/v2\/users\/1"}],"replies":[{"embeddable":true,"href":"https:\/\/encuentroinformativo.com.mx\/index.php?rest_route=%2Fwp%2Fv2%2Fcomments&post=16166"}],"version-history":[{"count":1,"href":"https:\/\/encuentroinformativo.com.mx\/index.php?rest_route=\/wp\/v2\/posts\/16166\/revisions"}],"predecessor-version":[{"id":16168,"href":"https:\/\/encuentroinformativo.com.mx\/index.php?rest_route=\/wp\/v2\/posts\/16166\/revisions\/16168"}],"wp:featuredmedia":[{"embeddable":true,"href":"https:\/\/encuentroinformativo.com.mx\/index.php?rest_route=\/wp\/v2\/media\/16167"}],"wp:attachment":[{"href":"https:\/\/encuentroinformativo.com.mx\/index.php?rest_route=%2Fwp%2Fv2%2Fmedia&parent=16166"}],"wp:term":[{"taxonomy":"category","embeddable":true,"href":"https:\/\/encuentroinformativo.com.mx\/index.php?rest_route=%2Fwp%2Fv2%2Fcategories&post=16166"},{"taxonomy":"post_tag","embeddable":true,"href":"https:\/\/encuentroinformativo.com.mx\/index.php?rest_route=%2Fwp%2Fv2%2Ftags&post=16166"}],"curies":[{"name":"wp","href":"https:\/\/api.w.org\/{rel}","templated":true}]}}