{"id":16169,"date":"2021-07-07T14:29:32","date_gmt":"2021-07-07T19:29:32","guid":{"rendered":"https:\/\/encuentroinformativo.com.mx\/?p=16169"},"modified":"2021-07-07T14:29:37","modified_gmt":"2021-07-07T19:29:37","slug":"comercios-no-esenciales-permaneceran-cerrados","status":"publish","type":"post","link":"https:\/\/encuentroinformativo.com.mx\/?p=16169","title":{"rendered":"Comercios no esenciales permanecer\u00e1n cerrados"},"content":{"rendered":"\n<p><strong>Dar\u00edo Pale<\/strong><\/p>\n\n\n\n<p>Xalapa, Ver.- Los comercios no esenciales permanecer\u00e1n cerrados hasta el pr\u00f3ximo 18 de julio, as\u00ed lo inform\u00f3 el regidor d\u00e9cimo del ayuntamiento de Xalapa Juan Gabriel Fern\u00e1ndez Garibay.<\/p>\n\n\n\n<p>Entrevistado en conocido caf\u00e9 del centro de Xalapa, critic\u00f3 el hecho de que la Secretar\u00eda de Salud en Veracruz \u00fanicamente coloque a Xalapa en un sem\u00e1foro rojo, cuando municipios como Coatepec, Banderilla, Emiliano Zapata y San Andr\u00e9s Tlanehuayocan tambi\u00e9n pueden ser un foco rojo para los contagios de coronavirus.<\/p>\n\n\n\n<p>\u201cNecesitamos ponernos las pilas, necesitamos poner todos de nuestra parte, la realidad de las cosas es que el mes pasado se cay\u00f3 en varias irresponsabilidades , hoy necesitamos retomar las medidas de salud, es muy importante que hagamos caso, son dos semanas que vamos a sem\u00e1foro rojo y que si todos ponemos de nuestra parte va a ver un cambio\u201d, dijo.<\/p>\n\n\n\n<p>Juan Gabriel Fern\u00e1ndez, refri\u00f3 que es responsabilidad de las y los ciudadanos que los casos disminuyan, por lo que exhort\u00f3 a que sigan las recomendaciones, en el transporte p\u00fablico, comercios, plazas, entre otros puntos m\u00e1s de la ciudad.<\/p>\n\n\n\n<p>Se\u00f1al\u00f3 que luego de qu\u00e9 se reuni\u00f3 y sesion\u00f3 la Comisi\u00f3n de Protocolos de Sanidad y Seguridad por la emergencia generada por el COVI-19 en Xalapa , se determin\u00f3 seguir las recomendaciones sanitarias ante un sem\u00e1foro rojo.<\/p>\n\n\n\n<p>Los comercios que se van a cerrar son los bares, cantina y centros de entretenimiento, no obstante coment\u00f3 que en la Capital del Estado los casos de COVID se han incrementado de manera significativa, por lo que ahora se deben de tomar acciones responsables que permitan la disminuci\u00f3n de casos y, con ello, se pueda dar un regreso a la nueva normalidad.\u00a0<\/p>\n","protected":false},"excerpt":{"rendered":"<p>Dar\u00edo Pale Xalapa, Ver.- Los comercios no esenciales permanecer\u00e1n cerrados hasta el pr\u00f3ximo 18 de julio, as\u00ed lo inform\u00f3 el regidor d\u00e9cimo del ayuntamiento de Xalapa Juan Gabriel Fern\u00e1ndez Garibay. Entrevistado en conocido caf\u00e9 del centro de Xalapa, critic\u00f3 el hecho de que la Secretar\u00eda de Salud en Veracruz \u00fanicamente coloque a Xalapa en un [&hellip;]<\/p>\n","protected":false},"author":1,"featured_media":16170,"comment_status":"open","ping_status":"open","sticky":false,"template":"","format":"standard","meta":{"_jetpack_memberships_contains_paid_content":false,"footnotes":""},"categories":[3],"tags":[],"class_list":["post-16169","post","type-post","status-publish","format-standard","has-post-thumbnail","hentry","category-xalapa"],"jetpack_featured_media_url":"https:\/\/encuentroinformativo.com.mx\/wp-content\/uploads\/2021\/07\/422F20DE-E785-403C-BBB4-EFEC6E60D87F.jpeg","jetpack_sharing_enabled":true,"jetpack_likes_enabled":true,"amp_enabled":true,"_links":{"self":[{"href":"https:\/\/encuentroinformativo.com.mx\/index.php?rest_route=\/wp\/v2\/posts\/16169","targetHints":{"allow":["GET"]}}],"collection":[{"href":"https:\/\/encuentroinformativo.com.mx\/index.php?rest_route=\/wp\/v2\/posts"}],"about":[{"href":"https:\/\/encuentroinformativo.com.mx\/index.php?rest_route=\/wp\/v2\/types\/post"}],"author":[{"embeddable":true,"href":"https:\/\/encuentroinformativo.com.mx\/index.php?rest_route=\/wp\/v2\/users\/1"}],"replies":[{"embeddable":true,"href":"https:\/\/encuentroinformativo.com.mx\/index.php?rest_route=%2Fwp%2Fv2%2Fcomments&post=16169"}],"version-history":[{"count":1,"href":"https:\/\/encuentroinformativo.com.mx\/index.php?rest_route=\/wp\/v2\/posts\/16169\/revisions"}],"predecessor-version":[{"id":16171,"href":"https:\/\/encuentroinformativo.com.mx\/index.php?rest_route=\/wp\/v2\/posts\/16169\/revisions\/16171"}],"wp:featuredmedia":[{"embeddable":true,"href":"https:\/\/encuentroinformativo.com.mx\/index.php?rest_route=\/wp\/v2\/media\/16170"}],"wp:attachment":[{"href":"https:\/\/encuentroinformativo.com.mx\/index.php?rest_route=%2Fwp%2Fv2%2Fmedia&parent=16169"}],"wp:term":[{"taxonomy":"category","embeddable":true,"href":"https:\/\/encuentroinformativo.com.mx\/index.php?rest_route=%2Fwp%2Fv2%2Fcategories&post=16169"},{"taxonomy":"post_tag","embeddable":true,"href":"https:\/\/encuentroinformativo.com.mx\/index.php?rest_route=%2Fwp%2Fv2%2Ftags&post=16169"}],"curies":[{"name":"wp","href":"https:\/\/api.w.org\/{rel}","templated":true}]}}