{"id":16177,"date":"2021-07-07T13:05:47","date_gmt":"2021-07-07T18:05:47","guid":{"rendered":"https:\/\/encuentroinformativo.com.mx\/?p=16177"},"modified":"2021-07-07T15:10:28","modified_gmt":"2021-07-07T20:10:28","slug":"mujeres-panistas-reclaman-espacios-en-dirigencia-estatal","status":"publish","type":"post","link":"https:\/\/encuentroinformativo.com.mx\/?p=16177","title":{"rendered":"Mujeres panistas reclaman espacios en dirigencia estatal"},"content":{"rendered":"\n<p><strong>Dar\u00edo Pale <\/strong><\/p>\n\n\n\n<p>Xalapa, Ver.- En la pr\u00f3xima renovaci\u00f3n del Comit\u00e9 Directivo Estatal no deben dejar fuera a las mujeres panistas as\u00ed lo se\u00f1alaron militantes de diversos municipios del norte del Estado y fijaron su postura en este tema.<\/p>\n\n\n\n<p>En conferencia de prensa realizada en conocido caf\u00e9 del centro de Xalapa, se\u00f1alaron \u00a0que la reciente fotograf\u00eda de Miguel \u00c1ngel Yunes M\u00e1rquez con panistas las incomod\u00f3 porque no hubo representaci\u00f3n de las mujeres.<\/p>\n\n\n\n<p>Por lo anterior solicitaron que en la renovaci\u00f3n del Comit\u00e9 Directivo Estatal, haya inclusi\u00f3n para las mujeres, pero sobre todo, de las mujeres del norte de Veracruz, por lo que rechazaran todas aquellas propuestas en donde no sean incluidas.<\/p>\n\n\n\n<p>Previo a acudir al Comit\u00e9 para reunirse con el presidente, indicaron que participar\u00e1n en la organizaci\u00f3n, &#8220;para tomar nuestro lugar&#8221;.<\/p>\n\n\n\n<p>&#8220;Necesitamos una renovaci\u00f3n completa, vamos a exigir unidad y vamos a exigir adem\u00e1s que la paridad, que ya es total por ley en el \u00f3rgano interno, vaya m\u00e1s all\u00e1 del papel, necesitamos un cambio transversal y la igualdad sustantiva garantizada&#8221;, dijo la consejera estatal y capacitadora nacional, Liz Mac\u00edas.<\/p>\n\n\n\n<p>Aclar\u00f3 que no llegaron a proponer a alguien en particular, sino que buscan que todas las panistas que quieran participar, lo hagan, no van a levantarle la mano a nadie.<\/p>\n\n\n\n<p>Asimismo, sostuvo que no llegan &#8220;patrocinadas&#8221; por nadie, est\u00e1n de manera pac\u00edfica a promover la unidad real en la que no se excluya a nadie, sea hombre o mujer.<br>Detall\u00f3 que el Partido Acci\u00f3n Nacional (PAN) deber\u00e1 renovarse por all\u00e1 del mes de noviembre de este a\u00f1o, pero esperan que puedan participar, no s\u00e9 cerraron a que en esta ocasi\u00f3n sea una mujer la que dirija al Partido, pero esperar\u00e1n a ver qui\u00e9n levanta la mano.<\/p>\n\n\n\n<p>Finalmente Alma Viridiana, excandidata a la diputaci\u00f3n de P\u00e1nuco, llam\u00f3 a todas las mujeres panistas de todo el Estado para &#8220;contruir la verdadera unidad y lograr triunfos contundentes&#8221;.<\/p>\n","protected":false},"excerpt":{"rendered":"<p>Dar\u00edo Pale Xalapa, Ver.- En la pr\u00f3xima renovaci\u00f3n del Comit\u00e9 Directivo Estatal no deben dejar fuera a las mujeres panistas as\u00ed lo se\u00f1alaron militantes de diversos municipios del norte del Estado y fijaron su postura en este tema. En conferencia de prensa realizada en conocido caf\u00e9 del centro de Xalapa, se\u00f1alaron \u00a0que la reciente fotograf\u00eda [&hellip;]<\/p>\n","protected":false},"author":1,"featured_media":16178,"comment_status":"open","ping_status":"open","sticky":false,"template":"","format":"standard","meta":{"_jetpack_memberships_contains_paid_content":false,"footnotes":""},"categories":[3],"tags":[],"class_list":["post-16177","post","type-post","status-publish","format-standard","has-post-thumbnail","hentry","category-xalapa"],"jetpack_featured_media_url":"https:\/\/encuentroinformativo.com.mx\/wp-content\/uploads\/2021\/07\/0A449676-249E-46DC-8DAA-95F98778059C.jpeg","jetpack_sharing_enabled":true,"jetpack_likes_enabled":true,"amp_enabled":true,"_links":{"self":[{"href":"https:\/\/encuentroinformativo.com.mx\/index.php?rest_route=\/wp\/v2\/posts\/16177","targetHints":{"allow":["GET"]}}],"collection":[{"href":"https:\/\/encuentroinformativo.com.mx\/index.php?rest_route=\/wp\/v2\/posts"}],"about":[{"href":"https:\/\/encuentroinformativo.com.mx\/index.php?rest_route=\/wp\/v2\/types\/post"}],"author":[{"embeddable":true,"href":"https:\/\/encuentroinformativo.com.mx\/index.php?rest_route=\/wp\/v2\/users\/1"}],"replies":[{"embeddable":true,"href":"https:\/\/encuentroinformativo.com.mx\/index.php?rest_route=%2Fwp%2Fv2%2Fcomments&post=16177"}],"version-history":[{"count":1,"href":"https:\/\/encuentroinformativo.com.mx\/index.php?rest_route=\/wp\/v2\/posts\/16177\/revisions"}],"predecessor-version":[{"id":16179,"href":"https:\/\/encuentroinformativo.com.mx\/index.php?rest_route=\/wp\/v2\/posts\/16177\/revisions\/16179"}],"wp:featuredmedia":[{"embeddable":true,"href":"https:\/\/encuentroinformativo.com.mx\/index.php?rest_route=\/wp\/v2\/media\/16178"}],"wp:attachment":[{"href":"https:\/\/encuentroinformativo.com.mx\/index.php?rest_route=%2Fwp%2Fv2%2Fmedia&parent=16177"}],"wp:term":[{"taxonomy":"category","embeddable":true,"href":"https:\/\/encuentroinformativo.com.mx\/index.php?rest_route=%2Fwp%2Fv2%2Fcategories&post=16177"},{"taxonomy":"post_tag","embeddable":true,"href":"https:\/\/encuentroinformativo.com.mx\/index.php?rest_route=%2Fwp%2Fv2%2Ftags&post=16177"}],"curies":[{"name":"wp","href":"https:\/\/api.w.org\/{rel}","templated":true}]}}