{"id":16180,"date":"2021-07-07T16:22:18","date_gmt":"2021-07-07T21:22:18","guid":{"rendered":"https:\/\/encuentroinformativo.com.mx\/?p=16180"},"modified":"2021-07-07T16:22:23","modified_gmt":"2021-07-07T21:22:23","slug":"empresarios-deben-dar-mantenimiento-a-parque-industrial-sedecop","status":"publish","type":"post","link":"https:\/\/encuentroinformativo.com.mx\/?p=16180","title":{"rendered":"Empresarios deben dar mantenimiento a Parque Industrial: SEDECOP"},"content":{"rendered":"\n<p><strong>Alejandro \u00c1vila<\/strong><\/p>\n\n\n\n<p>Veracruz, Ver. \u2013 El sub secretario de la Secretar\u00eda de Desarrollo Econ\u00f3mico y Portuario, Ricardo Mancisidor Landa, se\u00f1al\u00f3 que el Parque Industrial \u201cBruno Pagliai\u201d pertenece a los empresarios que est\u00e1n asentados ah\u00ed, por lo que es su responsabilidad mantenerlos en buenas condiciones.<\/p>\n\n\n\n<p>Expuso que en Veracruz existen 16 Parques Industriales, uno m\u00e1s a punto de construirse y todos son privados; \u00fanicamente el \u201cBruno Pagliai\u201d tiene un acuerdo con Gobierno del Estado a trav\u00e9s del Fondo del Futuro para su apoyo, aunque resalt\u00f3 que muchos empresarios han dejado de pagar sus servicios y cuotas y por eso se encuentra en el olvido.<\/p>\n\n\n\n<p>\u201cMiren nos encontramos con una deuda enorme, no tengo yo el dato porque yo no llevo esa, la Bruno Pagliai, es la \u00fanica que yo no\u2026porque es el Fondo del Futuro quien lo maneja, pero de millones de pesos de adeudo de agua. Que quiere decir eso, bueno pues quiere decir un descuido absoluto de los empresarios, no quiero hablar de todos, pero de la mayor\u00eda, que no pagaron el l\u00edquido\u201d, se\u00f1al\u00f3.<\/p>\n\n\n\n<p>En cuanto al tema de seguridad, reconoci\u00f3 que ese rubro s\u00ed corresponde a los gobiernos tanto estatales como municipales apoyarles, aunque coment\u00f3 que desde hace un a\u00f1o existe dentro del Parque Industrial un destacamento de la Secretar\u00eda de Marina, mismo que hace rondines de vigilancia permanente.<\/p>\n","protected":false},"excerpt":{"rendered":"<p>Alejandro \u00c1vila Veracruz, Ver. \u2013 El sub secretario de la Secretar\u00eda de Desarrollo Econ\u00f3mico y Portuario, Ricardo Mancisidor Landa, se\u00f1al\u00f3 que el Parque Industrial \u201cBruno Pagliai\u201d pertenece a los empresarios que est\u00e1n asentados ah\u00ed, por lo que es su responsabilidad mantenerlos en buenas condiciones. Expuso que en Veracruz existen 16 Parques Industriales, uno m\u00e1s a [&hellip;]<\/p>\n","protected":false},"author":1,"featured_media":16181,"comment_status":"open","ping_status":"open","sticky":false,"template":"","format":"standard","meta":{"_jetpack_memberships_contains_paid_content":false,"footnotes":""},"categories":[2],"tags":[],"class_list":["post-16180","post","type-post","status-publish","format-standard","has-post-thumbnail","hentry","category-estado"],"jetpack_featured_media_url":"https:\/\/encuentroinformativo.com.mx\/wp-content\/uploads\/2021\/07\/95C5A7F3-5123-4C8C-9011-B62496BF6F50.jpeg","jetpack_sharing_enabled":true,"jetpack_likes_enabled":true,"amp_enabled":true,"_links":{"self":[{"href":"https:\/\/encuentroinformativo.com.mx\/index.php?rest_route=\/wp\/v2\/posts\/16180","targetHints":{"allow":["GET"]}}],"collection":[{"href":"https:\/\/encuentroinformativo.com.mx\/index.php?rest_route=\/wp\/v2\/posts"}],"about":[{"href":"https:\/\/encuentroinformativo.com.mx\/index.php?rest_route=\/wp\/v2\/types\/post"}],"author":[{"embeddable":true,"href":"https:\/\/encuentroinformativo.com.mx\/index.php?rest_route=\/wp\/v2\/users\/1"}],"replies":[{"embeddable":true,"href":"https:\/\/encuentroinformativo.com.mx\/index.php?rest_route=%2Fwp%2Fv2%2Fcomments&post=16180"}],"version-history":[{"count":1,"href":"https:\/\/encuentroinformativo.com.mx\/index.php?rest_route=\/wp\/v2\/posts\/16180\/revisions"}],"predecessor-version":[{"id":16182,"href":"https:\/\/encuentroinformativo.com.mx\/index.php?rest_route=\/wp\/v2\/posts\/16180\/revisions\/16182"}],"wp:featuredmedia":[{"embeddable":true,"href":"https:\/\/encuentroinformativo.com.mx\/index.php?rest_route=\/wp\/v2\/media\/16181"}],"wp:attachment":[{"href":"https:\/\/encuentroinformativo.com.mx\/index.php?rest_route=%2Fwp%2Fv2%2Fmedia&parent=16180"}],"wp:term":[{"taxonomy":"category","embeddable":true,"href":"https:\/\/encuentroinformativo.com.mx\/index.php?rest_route=%2Fwp%2Fv2%2Fcategories&post=16180"},{"taxonomy":"post_tag","embeddable":true,"href":"https:\/\/encuentroinformativo.com.mx\/index.php?rest_route=%2Fwp%2Fv2%2Ftags&post=16180"}],"curies":[{"name":"wp","href":"https:\/\/api.w.org\/{rel}","templated":true}]}}