{"id":16183,"date":"2021-07-07T16:25:48","date_gmt":"2021-07-07T21:25:48","guid":{"rendered":"https:\/\/encuentroinformativo.com.mx\/?p=16183"},"modified":"2021-07-07T16:25:52","modified_gmt":"2021-07-07T21:25:52","slug":"ayuntamientos-deben-reforzar-medidas-sanitarias-solicita-delegado","status":"publish","type":"post","link":"https:\/\/encuentroinformativo.com.mx\/?p=16183","title":{"rendered":"Ayuntamientos deben reforzar medidas sanitarias, solicita delegado"},"content":{"rendered":"\n<p><strong>Alejandro \u00c1vila<\/strong><\/p>\n\n\n\n<p>Boca del R\u00edo, Ver. \u2013 El delegado de Gobierno Federal en Veracruz, Manuel Huerta Ladr\u00f3n de Guevara resalt\u00f3 las medidas de restricci\u00f3n que est\u00e1 tomando el Ayuntamiento de Xalapa como parte de la prevenci\u00f3n de la \u201ctercera ola\u201d de contagios de COVID-19.<\/p>\n\n\n\n<p>En ese sentido, exhort\u00f3 al resto de los Ayuntamientos a tomar acciones similares, aunque resalt\u00f3 que no habr\u00e1 multas por no tomar medidas al respecto.<\/p>\n\n\n\n<p>\u201cLos municipios como el de Xalapa actu\u00f3 muy bien, de acuerdo a la normatividad, restringiendo actividades no esenciales. Un ejemplo, un baile abierto, ahora s\u00ed que dir\u00eda el cl\u00e1sico, \u2018que necesidad\u2019, y sobre todo porque va a ir poblaci\u00f3n que no est\u00e1 vacunada\u201d, expres\u00f3.<\/p>\n\n\n\n<p>El funcionario federal se\u00f1al\u00f3 que, si bien se busca a toda costa la reactivaci\u00f3n econ\u00f3mica, para evitar un incremento en el desempleo o cierre de negocios, tambi\u00e9n se debe ser responsable y continuar con los cuidados para evitar los contagios, pues a\u00fan vacunados existe una posibilidad, menor y menos riesgosa, de contraer el COVID-19.<\/p>\n\n\n\n<p>\u201cSabemos que queremos la reactivaci\u00f3n econ\u00f3mica, pero no a costa de la enfermedad de varios, y por eso lo mejor es la autorregulaci\u00f3n de los que tenemos conciencia y sabemos, pues disminuyamos. S\u00ed, la vacuna va a acelerar hasta el 92 por ciento del posible contagio, el 99.99 del desenlace fatal, pero todav\u00eda hay m\u00e1rgenes de contagio que, aunque sean menos graves que antes; es decir, que no requiera hospitalizaci\u00f3n, pues a nadie le gusta tener una enfermedad\u201d, resalt\u00f3.<br>Finalmente, apunt\u00f3 que se prev\u00e9 que el inicio de vacunaci\u00f3n para las personas de 30 a 39 a\u00f1os, inicie la \u00faltima semana de julio y finalice a mediados de agosto.<\/p>\n\n\n\n<p>\u201cYa estaremos anunciando el Plan de Vacunaci\u00f3n para los de 30 &#8211; 39 que ser\u00e1 en tres semanas, es lo que ahorita sabemos (\u2026) toda va a ser AstraZeneca, es la que est\u00e1 fluyendo excepto la que va a los reclusorios como ya les inform\u00e9, que es la de Cansino\u201d, culmin\u00f3.<\/p>\n","protected":false},"excerpt":{"rendered":"<p>Alejandro \u00c1vila Boca del R\u00edo, Ver. \u2013 El delegado de Gobierno Federal en Veracruz, Manuel Huerta Ladr\u00f3n de Guevara resalt\u00f3 las medidas de restricci\u00f3n que est\u00e1 tomando el Ayuntamiento de Xalapa como parte de la prevenci\u00f3n de la \u201ctercera ola\u201d de contagios de COVID-19. En ese sentido, exhort\u00f3 al resto de los Ayuntamientos a tomar [&hellip;]<\/p>\n","protected":false},"author":1,"featured_media":16184,"comment_status":"open","ping_status":"open","sticky":false,"template":"","format":"standard","meta":{"_jetpack_memberships_contains_paid_content":false,"footnotes":""},"categories":[2],"tags":[],"class_list":["post-16183","post","type-post","status-publish","format-standard","has-post-thumbnail","hentry","category-estado"],"jetpack_featured_media_url":"https:\/\/encuentroinformativo.com.mx\/wp-content\/uploads\/2021\/07\/E22D71AC-5E9E-4969-AB30-82F2C0FFFB97.jpeg","jetpack_sharing_enabled":true,"jetpack_likes_enabled":true,"amp_enabled":true,"_links":{"self":[{"href":"https:\/\/encuentroinformativo.com.mx\/index.php?rest_route=\/wp\/v2\/posts\/16183","targetHints":{"allow":["GET"]}}],"collection":[{"href":"https:\/\/encuentroinformativo.com.mx\/index.php?rest_route=\/wp\/v2\/posts"}],"about":[{"href":"https:\/\/encuentroinformativo.com.mx\/index.php?rest_route=\/wp\/v2\/types\/post"}],"author":[{"embeddable":true,"href":"https:\/\/encuentroinformativo.com.mx\/index.php?rest_route=\/wp\/v2\/users\/1"}],"replies":[{"embeddable":true,"href":"https:\/\/encuentroinformativo.com.mx\/index.php?rest_route=%2Fwp%2Fv2%2Fcomments&post=16183"}],"version-history":[{"count":1,"href":"https:\/\/encuentroinformativo.com.mx\/index.php?rest_route=\/wp\/v2\/posts\/16183\/revisions"}],"predecessor-version":[{"id":16185,"href":"https:\/\/encuentroinformativo.com.mx\/index.php?rest_route=\/wp\/v2\/posts\/16183\/revisions\/16185"}],"wp:featuredmedia":[{"embeddable":true,"href":"https:\/\/encuentroinformativo.com.mx\/index.php?rest_route=\/wp\/v2\/media\/16184"}],"wp:attachment":[{"href":"https:\/\/encuentroinformativo.com.mx\/index.php?rest_route=%2Fwp%2Fv2%2Fmedia&parent=16183"}],"wp:term":[{"taxonomy":"category","embeddable":true,"href":"https:\/\/encuentroinformativo.com.mx\/index.php?rest_route=%2Fwp%2Fv2%2Fcategories&post=16183"},{"taxonomy":"post_tag","embeddable":true,"href":"https:\/\/encuentroinformativo.com.mx\/index.php?rest_route=%2Fwp%2Fv2%2Ftags&post=16183"}],"curies":[{"name":"wp","href":"https:\/\/api.w.org\/{rel}","templated":true}]}}