{"id":16189,"date":"2021-07-07T17:03:49","date_gmt":"2021-07-07T22:03:49","guid":{"rendered":"https:\/\/encuentroinformativo.com.mx\/?p=16189"},"modified":"2021-07-07T17:03:51","modified_gmt":"2021-07-07T22:03:51","slug":"se-registra-hector-coronel-aspira-a-rectoria-uv","status":"publish","type":"post","link":"https:\/\/encuentroinformativo.com.mx\/?p=16189","title":{"rendered":"Se registra H\u00e9ctor Coronel, aspira a rector\u00eda UV"},"content":{"rendered":"\n<p><strong>Juan Arcos<\/strong><\/p>\n\n\n\n<p>Xalapa, Ver.- El doctor en Filosof\u00eda, H\u00e9ctor Coronel Brizio, indic\u00f3 que su proyecto como aspirante a la Rector\u00eda de la Universidad Veracruzana (UV) contempla la atenci\u00f3n de las funciones sustantivas de la instituci\u00f3n en el contexto de la pandemia por SARS-COV-2 (COVID-19).<\/p>\n\n\n\n<p>Al mediod\u00eda de este mi\u00e9rcoles present\u00f3 su documentaci\u00f3n para registrarse como aspirante a rector ante la Junta de Gobierno.<\/p>\n\n\n\n<p>\u201cTodo muy fluido, muy bien organizado, nos fue aceptado nuestro registro y estaremos pendientes de las siguientes etapas\u201d.<\/p>\n\n\n\n<p>El entrevistado dijo confiar en que los integrantes de dicho \u00f3rgano colegiado tomar\u00e1n la mejor decisi\u00f3n para designar a la persona que ocupar\u00e1 el cargo de Sara Ladr\u00f3n de Guevara Gonz\u00e1lez.<\/p>\n\n\n\n<p>Tambi\u00e9n consider\u00f3 que la amplia participaci\u00f3n de los distinguidos aspirantes que se han registrado exhibe la confianza que tiene la comunidad universitaria en el proceso para la renovaci\u00f3n de la Rector\u00eda y en los honorables miembros de la Junta de Gobierno.<\/p>\n\n\n\n<p>A\u00f1adi\u00f3 que su plan de trabajo prioriza una revisi\u00f3n al modelo educativo para que sea flexible y multimodal, en busca de que se adapte a los diferentes programas educativos que tiene la UV.<\/p>\n\n\n\n<p>\u201cHay que articularlo de manera que podamos entender la nueva forma de impartir educaci\u00f3n a partir de estos tiempos, haciendo uso de las tecnolog\u00edas de la informaci\u00f3n, haciendo uso de la organizaci\u00f3n a administrativa, haciendo uso de nuestros expertos en educaci\u00f3n, de nuestros expertos en las distintas \u00e1reas para cumplir este prop\u00f3sito de cumplir con las funciones sustantivas de la Universidad\u201d, enfatiz\u00f3.<\/p>\n","protected":false},"excerpt":{"rendered":"<p>Juan Arcos Xalapa, Ver.- El doctor en Filosof\u00eda, H\u00e9ctor Coronel Brizio, indic\u00f3 que su proyecto como aspirante a la Rector\u00eda de la Universidad Veracruzana (UV) contempla la atenci\u00f3n de las funciones sustantivas de la instituci\u00f3n en el contexto de la pandemia por SARS-COV-2 (COVID-19). Al mediod\u00eda de este mi\u00e9rcoles present\u00f3 su documentaci\u00f3n para registrarse como [&hellip;]<\/p>\n","protected":false},"author":1,"featured_media":16190,"comment_status":"open","ping_status":"open","sticky":false,"template":"","format":"standard","meta":{"_jetpack_memberships_contains_paid_content":false,"footnotes":""},"categories":[2],"tags":[],"class_list":["post-16189","post","type-post","status-publish","format-standard","has-post-thumbnail","hentry","category-estado"],"jetpack_featured_media_url":"https:\/\/encuentroinformativo.com.mx\/wp-content\/uploads\/2021\/07\/16BDD72F-1B42-4075-8C33-1F68495E08D5.jpeg","jetpack_sharing_enabled":true,"jetpack_likes_enabled":true,"amp_enabled":true,"_links":{"self":[{"href":"https:\/\/encuentroinformativo.com.mx\/index.php?rest_route=\/wp\/v2\/posts\/16189","targetHints":{"allow":["GET"]}}],"collection":[{"href":"https:\/\/encuentroinformativo.com.mx\/index.php?rest_route=\/wp\/v2\/posts"}],"about":[{"href":"https:\/\/encuentroinformativo.com.mx\/index.php?rest_route=\/wp\/v2\/types\/post"}],"author":[{"embeddable":true,"href":"https:\/\/encuentroinformativo.com.mx\/index.php?rest_route=\/wp\/v2\/users\/1"}],"replies":[{"embeddable":true,"href":"https:\/\/encuentroinformativo.com.mx\/index.php?rest_route=%2Fwp%2Fv2%2Fcomments&post=16189"}],"version-history":[{"count":1,"href":"https:\/\/encuentroinformativo.com.mx\/index.php?rest_route=\/wp\/v2\/posts\/16189\/revisions"}],"predecessor-version":[{"id":16191,"href":"https:\/\/encuentroinformativo.com.mx\/index.php?rest_route=\/wp\/v2\/posts\/16189\/revisions\/16191"}],"wp:featuredmedia":[{"embeddable":true,"href":"https:\/\/encuentroinformativo.com.mx\/index.php?rest_route=\/wp\/v2\/media\/16190"}],"wp:attachment":[{"href":"https:\/\/encuentroinformativo.com.mx\/index.php?rest_route=%2Fwp%2Fv2%2Fmedia&parent=16189"}],"wp:term":[{"taxonomy":"category","embeddable":true,"href":"https:\/\/encuentroinformativo.com.mx\/index.php?rest_route=%2Fwp%2Fv2%2Fcategories&post=16189"},{"taxonomy":"post_tag","embeddable":true,"href":"https:\/\/encuentroinformativo.com.mx\/index.php?rest_route=%2Fwp%2Fv2%2Ftags&post=16189"}],"curies":[{"name":"wp","href":"https:\/\/api.w.org\/{rel}","templated":true}]}}