{"id":16198,"date":"2021-07-07T18:18:00","date_gmt":"2021-07-07T23:18:00","guid":{"rendered":"https:\/\/encuentroinformativo.com.mx\/?p=16198"},"modified":"2021-07-08T09:25:18","modified_gmt":"2021-07-08T14:25:18","slug":"aunque-se-habian-negado-rafael-vela-se-registro-como-aspirante-a-rectoria","status":"publish","type":"post","link":"https:\/\/encuentroinformativo.com.mx\/?p=16198","title":{"rendered":"Aunque se hab\u00edan negado, Rafael Vela se registr\u00f3 como aspirante a rector\u00eda"},"content":{"rendered":"\n<p><strong>Juan Arcos<\/strong><\/p>\n\n\n\n<p>Xalapa, Ver.- Rafael Vela Mart\u00ednez se inscribi\u00f3 como aspirante a la Rector\u00eda de la Universidad Veracruzana (UV), despu\u00e9s de que la Junta de Gobierno se lo hab\u00eda negado.<\/p>\n\n\n\n<p>El investigador acudi\u00f3 la tarde del martes 6 de julio, pero los integrantes dicho organismo colegiado rechazaron su documentaci\u00f3n, bajo el argumento de que \u201cya no hab\u00eda cupo\u201d.<\/p>\n\n\n\n<p>El economista tuvo que emitir un oficio a la Junta de Gobierno para que se respetara su derecho de participar en el proceso para la sucesi\u00f3n de Sara Ladr\u00f3n de Guevara Gonz\u00e1lez.<\/p>\n\n\n\n<p>\u201cMe negaron el registro, argumentaron que ya no hab\u00eda cupo. Entonces, envi\u00e9 un documento a la Junta de Gobierno, para que reconsiderara esa decisi\u00f3n en apego a mis derechos\u201d.<\/p>\n\n\n\n<p>Por tal motivo, fue citado a las 17:30 horas de este mi\u00e9rcoles 7 de julio, para presentar sus documentos y concretar su inscripci\u00f3n correspondiente.<\/p>\n\n\n\n<p>\u201cPorque se violaban mis derechos como universitario y derechos constitucionales, pero adem\u00e1s pon\u00eda en entredicho la imagen de la Junta de gobierno que debe ser \u00e9tica, moral, bajo un criterio de equidad y no tener ninguna preferencia con ning\u00fan candidato o interpretado de otra manera: no estar en contra de alg\u00fan aspirante a la rector\u00eda, que era como lo interpret\u00e1bamos\u201d.<\/p>\n\n\n\n<p>El acad\u00e9mico del Instituto de Investigaciones de Estudios Superiores, Econ\u00f3micos y Sociales (IIESES) cumpli\u00f3 con todos los requisitos para su inscripci\u00f3n formal como aspirante a la Rector\u00eda de la UV.<\/p>\n\n\n\n<p>\u201cLo que acaba de suceder es que todos los rubros que nos calificaron salieron bien y excelente, entonces ahora ya nada mas estamos esperando que sobre esa base se d\u00e9 a conocer qui\u00e9nes de todos los candidatos pasaron, qui\u00e9nes quedan como candidatos oficiales\u201d.<\/p>\n\n\n\n<p>Vela Mart\u00ednez record\u00f3 que su proyecto acad\u00e9mico contempla la vinculaci\u00f3n en la instituci\u00f3n con el sector productivo para hacer frente a la crisis derivada de la pandemia por SARS-COV-2 (COVID-19).<\/p>\n\n\n\n<p>\u201cEl otro elemento importante, que es el centro de nuestra estrategia, es acceder a la digitalizaci\u00f3n del conocimiento, las nuevas tecnolog\u00edas tenemos que incorporarlas a la UV, no solo a los estudiantes, sino tambi\u00e9n, a los acad\u00e9micos y a todo el personal\u201d, remat\u00f3.<\/p>\n","protected":false},"excerpt":{"rendered":"<p>Juan Arcos Xalapa, Ver.- Rafael Vela Mart\u00ednez se inscribi\u00f3 como aspirante a la Rector\u00eda de la Universidad Veracruzana (UV), despu\u00e9s de que la Junta de Gobierno se lo hab\u00eda negado. El investigador acudi\u00f3 la tarde del martes 6 de julio, pero los integrantes dicho organismo colegiado rechazaron su documentaci\u00f3n, bajo el argumento de que \u201cya [&hellip;]<\/p>\n","protected":false},"author":1,"featured_media":16199,"comment_status":"open","ping_status":"open","sticky":false,"template":"","format":"standard","meta":{"_jetpack_memberships_contains_paid_content":false,"footnotes":""},"categories":[2],"tags":[],"class_list":["post-16198","post","type-post","status-publish","format-standard","has-post-thumbnail","hentry","category-estado"],"jetpack_featured_media_url":"https:\/\/encuentroinformativo.com.mx\/wp-content\/uploads\/2021\/07\/97F3EE59-ADE7-44E9-BF5B-0EF078632B5D.jpeg","jetpack_sharing_enabled":true,"jetpack_likes_enabled":true,"amp_enabled":true,"_links":{"self":[{"href":"https:\/\/encuentroinformativo.com.mx\/index.php?rest_route=\/wp\/v2\/posts\/16198","targetHints":{"allow":["GET"]}}],"collection":[{"href":"https:\/\/encuentroinformativo.com.mx\/index.php?rest_route=\/wp\/v2\/posts"}],"about":[{"href":"https:\/\/encuentroinformativo.com.mx\/index.php?rest_route=\/wp\/v2\/types\/post"}],"author":[{"embeddable":true,"href":"https:\/\/encuentroinformativo.com.mx\/index.php?rest_route=\/wp\/v2\/users\/1"}],"replies":[{"embeddable":true,"href":"https:\/\/encuentroinformativo.com.mx\/index.php?rest_route=%2Fwp%2Fv2%2Fcomments&post=16198"}],"version-history":[{"count":1,"href":"https:\/\/encuentroinformativo.com.mx\/index.php?rest_route=\/wp\/v2\/posts\/16198\/revisions"}],"predecessor-version":[{"id":16201,"href":"https:\/\/encuentroinformativo.com.mx\/index.php?rest_route=\/wp\/v2\/posts\/16198\/revisions\/16201"}],"wp:featuredmedia":[{"embeddable":true,"href":"https:\/\/encuentroinformativo.com.mx\/index.php?rest_route=\/wp\/v2\/media\/16199"}],"wp:attachment":[{"href":"https:\/\/encuentroinformativo.com.mx\/index.php?rest_route=%2Fwp%2Fv2%2Fmedia&parent=16198"}],"wp:term":[{"taxonomy":"category","embeddable":true,"href":"https:\/\/encuentroinformativo.com.mx\/index.php?rest_route=%2Fwp%2Fv2%2Fcategories&post=16198"},{"taxonomy":"post_tag","embeddable":true,"href":"https:\/\/encuentroinformativo.com.mx\/index.php?rest_route=%2Fwp%2Fv2%2Ftags&post=16198"}],"curies":[{"name":"wp","href":"https:\/\/api.w.org\/{rel}","templated":true}]}}