{"id":16205,"date":"2021-07-08T10:42:38","date_gmt":"2021-07-08T15:42:38","guid":{"rendered":"https:\/\/encuentroinformativo.com.mx\/?p=16205"},"modified":"2021-07-08T10:42:43","modified_gmt":"2021-07-08T15:42:43","slug":"dos-veracruzanas-podrian-ir-al-mundial-de-levantamiento-de-pesas","status":"publish","type":"post","link":"https:\/\/encuentroinformativo.com.mx\/?p=16205","title":{"rendered":"Dos veracruzanas podr\u00edan ir al mundial de Levantamiento de Pesas"},"content":{"rendered":"\n<p><strong>Alejandro \u00c1vila<\/strong><\/p>\n\n\n\n<p>Veracruz, Ver. \u2013 Tras la destacada actuaci\u00f3n de Veracruz en los Juegos Nacionales CONADE en la disciplina de Levantamiento de Pesas donde se lograron 11 medallas en total, las veracruzanas Yaretzi Parra Salazar y \u00c1ngeles Cruz Hern\u00e1ndez, fueron convocadas para formar parte del equipo mexicano que participar\u00e1 en el mundial de la especialidad en Arabia Saudita.<\/p>\n\n\n\n<p>La Federaci\u00f3n Mexicana de Levantamiento de Pesas, revel\u00f3 una lista de atletas a los que les dar\u00e1 seguimiento para poder ser contemplados para el Campeonato Mundial Sub 17, mismo que se llevar\u00e1 a cabo del 3 al 12 de octubre en Jeddah, Arabia Saudita; en ella aparecen la xalape\u00f1a, Yaretzi Josett Salazar Parra, y la tlalixcoyense, \u00c1ngeles Cruz Hern\u00e1ndez.<\/p>\n\n\n\n<p>Ambas pesistas aportaron medallas de oro a Veracruz en los Juegos Nacionales CONADE 2021 que se realizaron en Monterrey, Nuevo Le\u00f3n, por lo que sus marcas les valieron para ser elegibles para buscar una oportunidad para este Mundial Sub 17 en Arabia Saudita.<br>La lista consta de 14 pesistas en la rama femenil y 16 en la rama varonil, \u201ctodos los atletas cumplen con los criterios t\u00e9cnicos y elegibilidad para integrar a la Selecci\u00f3n Nacional\u201d, destaca el comunicado de la Federaci\u00f3n Mexicana de Levantamiento de Pesas.<\/p>\n\n\n\n<p>Yaretzi Josett Parra Salazar es originaria de Xalapa y es entrenada por Ana Huesca, la deportista logr\u00f3 dos oros en arranque al levantar 75 kilogramos, as\u00ed como la plata en envi\u00f3n con 92 kilogramos, su segundo oro fue en total con 167 kilogramos, en la categor\u00eda Sub 17 Femenil.<\/p>\n\n\n\n<p>\u201cEstoy convocada al mundial, me siento muy contenta y emocionada por esta gran convocatoria porque es una gran oportunidad para m\u00ed, quiero quedar entre los tres primeros lugares. Tengo que esforzarme y dedicarme demasiado, me doy cuenta de que todo el trabajo que hemos llevado durante mucho tiempo mi entrenadora Ana Cristina Huesca y yo, ha valido la pena\u201d, coment\u00f3 la xalape\u00f1a Yaretzi Parra Salazar.<\/p>\n\n\n\n<p>Por su parte, la otra veracruzana convocada es la originaria de Tlalixcoyan, \u00c1ngeles Cruz Hern\u00e1ndez quien es entrenada por el cubano Nilverio Pino y quien\u00a0 logr\u00f3 la medalla de oro en la modalidad de arranque, as\u00ed como dos preseas de plata en envi\u00f3n y total, en los 64 kilogramos.\u00a0<\/p>\n\n\n\n<figure class=\"wp-block-image size-large\"><img loading=\"lazy\" decoding=\"async\" width=\"766\" height=\"1024\" src=\"https:\/\/encuentroinformativo.com.mx\/wp-content\/uploads\/2021\/07\/F720E5A7-A606-4E48-89FB-576285A30600-766x1024.jpeg\" alt=\"\" class=\"wp-image-16207\" srcset=\"https:\/\/encuentroinformativo.com.mx\/wp-content\/uploads\/2021\/07\/F720E5A7-A606-4E48-89FB-576285A30600-766x1024.jpeg 766w, https:\/\/encuentroinformativo.com.mx\/wp-content\/uploads\/2021\/07\/F720E5A7-A606-4E48-89FB-576285A30600-224x300.jpeg 224w, https:\/\/encuentroinformativo.com.mx\/wp-content\/uploads\/2021\/07\/F720E5A7-A606-4E48-89FB-576285A30600-768x1026.jpeg 768w, https:\/\/encuentroinformativo.com.mx\/wp-content\/uploads\/2021\/07\/F720E5A7-A606-4E48-89FB-576285A30600.jpeg 868w\" sizes=\"auto, (max-width: 766px) 100vw, 766px\" \/><\/figure>\n","protected":false},"excerpt":{"rendered":"<p>Alejandro \u00c1vila Veracruz, Ver. \u2013 Tras la destacada actuaci\u00f3n de Veracruz en los Juegos Nacionales CONADE en la disciplina de Levantamiento de Pesas donde se lograron 11 medallas en total, las veracruzanas Yaretzi Parra Salazar y \u00c1ngeles Cruz Hern\u00e1ndez, fueron convocadas para formar parte del equipo mexicano que participar\u00e1 en el mundial de la especialidad [&hellip;]<\/p>\n","protected":false},"author":1,"featured_media":16206,"comment_status":"open","ping_status":"open","sticky":false,"template":"","format":"standard","meta":{"_jetpack_memberships_contains_paid_content":false,"footnotes":""},"categories":[2],"tags":[],"class_list":["post-16205","post","type-post","status-publish","format-standard","has-post-thumbnail","hentry","category-estado"],"jetpack_featured_media_url":"https:\/\/encuentroinformativo.com.mx\/wp-content\/uploads\/2021\/07\/377643B3-BD8D-4713-9D68-26408848D402.jpeg","jetpack_sharing_enabled":true,"jetpack_likes_enabled":true,"amp_enabled":true,"_links":{"self":[{"href":"https:\/\/encuentroinformativo.com.mx\/index.php?rest_route=\/wp\/v2\/posts\/16205","targetHints":{"allow":["GET"]}}],"collection":[{"href":"https:\/\/encuentroinformativo.com.mx\/index.php?rest_route=\/wp\/v2\/posts"}],"about":[{"href":"https:\/\/encuentroinformativo.com.mx\/index.php?rest_route=\/wp\/v2\/types\/post"}],"author":[{"embeddable":true,"href":"https:\/\/encuentroinformativo.com.mx\/index.php?rest_route=\/wp\/v2\/users\/1"}],"replies":[{"embeddable":true,"href":"https:\/\/encuentroinformativo.com.mx\/index.php?rest_route=%2Fwp%2Fv2%2Fcomments&post=16205"}],"version-history":[{"count":1,"href":"https:\/\/encuentroinformativo.com.mx\/index.php?rest_route=\/wp\/v2\/posts\/16205\/revisions"}],"predecessor-version":[{"id":16208,"href":"https:\/\/encuentroinformativo.com.mx\/index.php?rest_route=\/wp\/v2\/posts\/16205\/revisions\/16208"}],"wp:featuredmedia":[{"embeddable":true,"href":"https:\/\/encuentroinformativo.com.mx\/index.php?rest_route=\/wp\/v2\/media\/16206"}],"wp:attachment":[{"href":"https:\/\/encuentroinformativo.com.mx\/index.php?rest_route=%2Fwp%2Fv2%2Fmedia&parent=16205"}],"wp:term":[{"taxonomy":"category","embeddable":true,"href":"https:\/\/encuentroinformativo.com.mx\/index.php?rest_route=%2Fwp%2Fv2%2Fcategories&post=16205"},{"taxonomy":"post_tag","embeddable":true,"href":"https:\/\/encuentroinformativo.com.mx\/index.php?rest_route=%2Fwp%2Fv2%2Ftags&post=16205"}],"curies":[{"name":"wp","href":"https:\/\/api.w.org\/{rel}","templated":true}]}}