{"id":16209,"date":"2021-07-08T11:03:52","date_gmt":"2021-07-08T16:03:52","guid":{"rendered":"https:\/\/encuentroinformativo.com.mx\/?p=16209"},"modified":"2021-07-08T11:03:55","modified_gmt":"2021-07-08T16:03:55","slug":"escuela-en-paso-del-toro-sin-agua-y-drenaje-padres-acusan-malos-manejos-del-director","status":"publish","type":"post","link":"https:\/\/encuentroinformativo.com.mx\/?p=16209","title":{"rendered":"Escuela en Paso del Toro sin agua y drenaje, padres acusan malos manejos del director"},"content":{"rendered":"\n<p><strong>Alejandro \u00c1vila<\/strong><\/p>\n\n\n\n<p>Medell\u00edn de Bravo, Ver. \u2013 La escuela primaria \u201cPrimero de Mayo\u201d ubicada en la localidad de Paso del Toro en el municipio de Medell\u00edn de Bravo, carece de agua potable, adem\u00e1s de un sistema de drenaje adecuado; padres de familia acusan al director del plantel educativo de no rendir cuentas sobre las diversas cuotas que les solicitan casi cada mes.<\/p>\n\n\n\n<p>Las madres de familia denunciaron un cobro de 700 pesos por concepto de inscripci\u00f3n para el siguientes ciclo escolar, mismo que fue impuesto por el director del plantel educativo, Emmanuel Ch\u00e1vez, pues las mujeres afirman nunca se aprob\u00f3 por la Asociaci\u00f3n de Padres de Familia (ASF); quienes ya han aportado a\u00fan est\u00e1n dentro del grupo de Whatsapp de la escuela, quienes no lo han hecho, han sido eliminadas y ser\u00e1n regresadas para conocer actividades, hasta que cumplan con su pago, se les inform\u00f3.<\/p>\n\n\n\n<p>Aunado a ello, el docente les manifest\u00f3 otra amenaza, \u201csi no pagan, no obtendr\u00e1n los documentos escolares de sus hijos\u201d, dijeron las madres; esto se suma a otro reclamo, las quejosas se\u00f1alan que casi cada mes se les pide un \u201capoyo\u201d para reparaci\u00f3n de aire acondicionado, ventiladores, bebederos, bomba de agua, entre otros supuestos problemas de la escuela, y esta est\u00e1 casi en ruinas, pero el director nunca ha entregado cuentas de, en que se gasta el dinero recaudado.<\/p>\n\n\n\n<p>Por su parte, el director de la escuela, Emmanuel Ch\u00e1vez, al ser cuestionado sobre las acusaciones, desestim\u00f3 las mismas y se lanz\u00f3 en contra del secretario de Educaci\u00f3n, Zenyazen Escobar Garc\u00eda, a quien fue a buscar en un evento realizado en el municipio, pero este \u201chuy\u00f3\u201d cuando le reclam\u00f3 la falta de los servicios b\u00e1sico de su escuela.<\/p>\n\n\n\n<p>La escuela tiene muchas carencias, se\u00f1al\u00f3 el docente; no tiene servicios sanitarios y est\u00e1 muy deteriorada, no cuentan con agua potable y drenaje.<\/p>\n","protected":false},"excerpt":{"rendered":"<p>Alejandro \u00c1vila Medell\u00edn de Bravo, Ver. \u2013 La escuela primaria \u201cPrimero de Mayo\u201d ubicada en la localidad de Paso del Toro en el municipio de Medell\u00edn de Bravo, carece de agua potable, adem\u00e1s de un sistema de drenaje adecuado; padres de familia acusan al director del plantel educativo de no rendir cuentas sobre las diversas [&hellip;]<\/p>\n","protected":false},"author":1,"featured_media":16210,"comment_status":"open","ping_status":"open","sticky":false,"template":"","format":"standard","meta":{"_jetpack_memberships_contains_paid_content":false,"footnotes":""},"categories":[2],"tags":[],"class_list":["post-16209","post","type-post","status-publish","format-standard","has-post-thumbnail","hentry","category-estado"],"jetpack_featured_media_url":"https:\/\/encuentroinformativo.com.mx\/wp-content\/uploads\/2021\/07\/D9971CAF-FAF1-4542-998C-0D5B659CAFD2.jpeg","jetpack_sharing_enabled":true,"jetpack_likes_enabled":true,"amp_enabled":true,"_links":{"self":[{"href":"https:\/\/encuentroinformativo.com.mx\/index.php?rest_route=\/wp\/v2\/posts\/16209","targetHints":{"allow":["GET"]}}],"collection":[{"href":"https:\/\/encuentroinformativo.com.mx\/index.php?rest_route=\/wp\/v2\/posts"}],"about":[{"href":"https:\/\/encuentroinformativo.com.mx\/index.php?rest_route=\/wp\/v2\/types\/post"}],"author":[{"embeddable":true,"href":"https:\/\/encuentroinformativo.com.mx\/index.php?rest_route=\/wp\/v2\/users\/1"}],"replies":[{"embeddable":true,"href":"https:\/\/encuentroinformativo.com.mx\/index.php?rest_route=%2Fwp%2Fv2%2Fcomments&post=16209"}],"version-history":[{"count":1,"href":"https:\/\/encuentroinformativo.com.mx\/index.php?rest_route=\/wp\/v2\/posts\/16209\/revisions"}],"predecessor-version":[{"id":16211,"href":"https:\/\/encuentroinformativo.com.mx\/index.php?rest_route=\/wp\/v2\/posts\/16209\/revisions\/16211"}],"wp:featuredmedia":[{"embeddable":true,"href":"https:\/\/encuentroinformativo.com.mx\/index.php?rest_route=\/wp\/v2\/media\/16210"}],"wp:attachment":[{"href":"https:\/\/encuentroinformativo.com.mx\/index.php?rest_route=%2Fwp%2Fv2%2Fmedia&parent=16209"}],"wp:term":[{"taxonomy":"category","embeddable":true,"href":"https:\/\/encuentroinformativo.com.mx\/index.php?rest_route=%2Fwp%2Fv2%2Fcategories&post=16209"},{"taxonomy":"post_tag","embeddable":true,"href":"https:\/\/encuentroinformativo.com.mx\/index.php?rest_route=%2Fwp%2Fv2%2Ftags&post=16209"}],"curies":[{"name":"wp","href":"https:\/\/api.w.org\/{rel}","templated":true}]}}