{"id":1621,"date":"2020-04-05T13:49:37","date_gmt":"2020-04-05T18:49:37","guid":{"rendered":"https:\/\/encuentroinformativo.com\/?p=1621"},"modified":"2020-04-05T13:49:39","modified_gmt":"2020-04-05T18:49:39","slug":"demanda-pan-condonar-impuestos-a-empresarios","status":"publish","type":"post","link":"https:\/\/encuentroinformativo.com.mx\/?p=1621","title":{"rendered":"Demanda PAN condonar impuestos a empresarios"},"content":{"rendered":"\n<p><strong>Juan Arcos <\/strong><\/p>\n\n\n\n<p>Xalapa, Ver.- El dirigente estatal del Partido Acci\u00f3n Nacional (PAN), Joaqu\u00edn Guzm\u00e1n Avil\u00e9s, respald\u00f3 a los empresarios veracruzanos que demandan ser incluidos en el Plan de Desarrollo Econ\u00f3mico 2020, anunciado en d\u00edas pasados.<\/p>\n\n\n\n<p>En un mensaje dirigido a la opini\u00f3n p\u00fablica y a los gobiernos estatal y federal, exigi\u00f3 la condonaci\u00f3n total del pago del impuesto a la n\u00f3mina y la creaci\u00f3n de un fondo que permita a los peque\u00f1os y medianos empresarios hacer frente a la crisis financiera.<\/p>\n\n\n\n<p>\u201cLos empresarios no deben ser tratados como enemigos del gobierno. Basta de que morena criminalice al empresario, basta de confrontar a la sociedad en momentos donde todos debemos caminar en el mismo sentido\u201d.<\/p>\n\n\n\n<p>El l\u00edder del PAN en Veracruz destac\u00f3 la necesidad de que la sociedad veracruzana y mexicana se una para combatir la crisis de salud derivada de coronavirus.<\/p>\n\n\n\n<p>\u201cHaciendo a un lado el discurso de confrontaci\u00f3n social que promueven los gobiernos de Morena\u201d.<\/p>\n\n\n\n<p>Guzm\u00e1n Avil\u00e9s advirti\u00f3 que si contin\u00faa la polarizaci\u00f3n de la sociedad y el desd\u00e9n hacia las y los empresarios, el futuro despu\u00e9s de la crisis sanitaria, ser\u00e1 peor.<\/p>\n\n\n\n<p>Record\u00f3 que en M\u00e9xico existen m\u00e1s de 4 millones de micro, peque\u00f1as y medianas empresas que generan el 42 por ciento del Producto Interno Bruto y el 78 por ciento de los empleos en el pa\u00eds.<\/p>\n\n\n\n<p>\u201cEl gobierno de Morena contin\u00faa neg\u00e1ndose a otorgar acciones concretas en beneficio del sector empresarial, incluso forz\u00e1ndolos a cumplir medidas que ponen en riesgo la permanencia de empresas en el mercado, y con ellas, los empleos que han generado y sus aportaciones fiscales\u201d, concluy\u00f3.<\/p>\n\n\n\n<p><\/p>\n","protected":false},"excerpt":{"rendered":"<p>Juan Arcos Xalapa, Ver.- El dirigente estatal del Partido Acci\u00f3n Nacional (PAN), Joaqu\u00edn Guzm\u00e1n Avil\u00e9s, respald\u00f3 a los empresarios veracruzanos que demandan ser incluidos en el Plan de Desarrollo Econ\u00f3mico 2020, anunciado en d\u00edas pasados. En un mensaje dirigido a la opini\u00f3n p\u00fablica y a los gobiernos estatal y federal, exigi\u00f3 la condonaci\u00f3n total del [&hellip;]<\/p>\n","protected":false},"author":1,"featured_media":1622,"comment_status":"open","ping_status":"open","sticky":false,"template":"","format":"standard","meta":{"_jetpack_memberships_contains_paid_content":false,"footnotes":""},"categories":[2],"tags":[],"class_list":["post-1621","post","type-post","status-publish","format-standard","has-post-thumbnail","hentry","category-estado"],"jetpack_featured_media_url":"https:\/\/encuentroinformativo.com.mx\/wp-content\/uploads\/2020\/04\/D56D5550-B92F-40AF-944A-DE151942156A.jpeg","jetpack_sharing_enabled":true,"jetpack_likes_enabled":true,"amp_enabled":true,"_links":{"self":[{"href":"https:\/\/encuentroinformativo.com.mx\/index.php?rest_route=\/wp\/v2\/posts\/1621","targetHints":{"allow":["GET"]}}],"collection":[{"href":"https:\/\/encuentroinformativo.com.mx\/index.php?rest_route=\/wp\/v2\/posts"}],"about":[{"href":"https:\/\/encuentroinformativo.com.mx\/index.php?rest_route=\/wp\/v2\/types\/post"}],"author":[{"embeddable":true,"href":"https:\/\/encuentroinformativo.com.mx\/index.php?rest_route=\/wp\/v2\/users\/1"}],"replies":[{"embeddable":true,"href":"https:\/\/encuentroinformativo.com.mx\/index.php?rest_route=%2Fwp%2Fv2%2Fcomments&post=1621"}],"version-history":[{"count":1,"href":"https:\/\/encuentroinformativo.com.mx\/index.php?rest_route=\/wp\/v2\/posts\/1621\/revisions"}],"predecessor-version":[{"id":1623,"href":"https:\/\/encuentroinformativo.com.mx\/index.php?rest_route=\/wp\/v2\/posts\/1621\/revisions\/1623"}],"wp:featuredmedia":[{"embeddable":true,"href":"https:\/\/encuentroinformativo.com.mx\/index.php?rest_route=\/wp\/v2\/media\/1622"}],"wp:attachment":[{"href":"https:\/\/encuentroinformativo.com.mx\/index.php?rest_route=%2Fwp%2Fv2%2Fmedia&parent=1621"}],"wp:term":[{"taxonomy":"category","embeddable":true,"href":"https:\/\/encuentroinformativo.com.mx\/index.php?rest_route=%2Fwp%2Fv2%2Fcategories&post=1621"},{"taxonomy":"post_tag","embeddable":true,"href":"https:\/\/encuentroinformativo.com.mx\/index.php?rest_route=%2Fwp%2Fv2%2Ftags&post=1621"}],"curies":[{"name":"wp","href":"https:\/\/api.w.org\/{rel}","templated":true}]}}