{"id":16215,"date":"2021-07-08T12:02:01","date_gmt":"2021-07-08T17:02:01","guid":{"rendered":"https:\/\/encuentroinformativo.com.mx\/?p=16215"},"modified":"2021-07-08T12:02:04","modified_gmt":"2021-07-08T17:02:04","slug":"se-registra-martin-aguilar-para-rectoria-va-por-sustentabilidad","status":"publish","type":"post","link":"https:\/\/encuentroinformativo.com.mx\/?p=16215","title":{"rendered":"Se registra Mart\u00edn Aguilar para rector\u00eda, va por sustentabilidad"},"content":{"rendered":"\n<p><strong>Juan Arcos<\/strong><\/p>\n\n\n\n<p>Xalapa, Ver.- El doctor en Ciencia Pol\u00edtica, Mart\u00edn Aguilar S\u00e1nchez, se inscribi\u00f3 como aspirante a la Rector\u00eda de la Universidad Veracruzana (UV), en busca de que la instituci\u00f3n recupere su reconocimiento como referente y difusi\u00f3n de conocimiento, cultura y arte.<\/p>\n\n\n\n<p>El acad\u00e9mico del Instituto de Investigaciones Hist\u00f3rico Sociales dijo haber cumplido con todos los requisitos que marca la convocatoria y coment\u00f3 que su propuesta, denominada \u201cPor una transformaci\u00f3n integral en la Universidad Veracruzana. Los derechos humanos y la sustentabilidad como ejes rectores del cambio\u201d busca garantizar una instituci\u00f3n inclusiva y el mejoramiento de las condiciones laborales.<\/p>\n\n\n\n<p>El entrevistado indic\u00f3 que su proyecto tambi\u00e9n contempla el involucramiento de la UV en los grandes problemas nacionales e internacionales, como el cambio clim\u00e1tico y la contaminaci\u00f3n, para coadyuvar a solucionarlos.<\/p>\n\n\n\n<p>Record\u00f3 que la Universidad Veracruzana cuenta con amplia experiencia en materia de sustentabilidad y es necesario articular dicha situaci\u00f3n en todos los niveles de la comunidad universitaria.<\/p>\n\n\n\n<p>\u201cTiene que ver con una visi\u00f3n cr\u00edtica, humanista, en la formaci\u00f3n del estudiantado y de la comunidad en general, entonces vamos a articular a todos los niveles en los programas acad\u00e9micos y en todos los proyectos de la universidad\u201d, expres\u00f3.<\/p>\n\n\n\n<p>Aguilar S\u00e1nchez consider\u00f3 que la transparencia y la rendici\u00f3n de cuentas son elementos esenciales al interior de la m\u00e1xima casa de estudios del estado, mismos que contempla su plan de trabajo, mediante un proceso de democratizaci\u00f3n de la instituci\u00f3n.<\/p>\n\n\n\n<p>\u201cPienso que la Junta de Gobierno tiene claro el procedimiento y simple y sencillamente vamos a continuar con este proceso, pero la rendici\u00f3n de cuentas y la transparencia son una parte articuladora importante\u201d.<\/p>\n\n\n\n<p>Record\u00f3 que su propuesta tambi\u00e9n plantea una reorientaci\u00f3n del gasto y del presupuesto en las tareas fundamentales y esenciales de la Universidad Veracruzana.<\/p>\n\n\n\n<p>\u201cVamos a tener un seguimiento muy adecuado, en t\u00e9rminos de cuidar el gasto, la aplicaci\u00f3n y que esto sea muy estricto, dedicado fundamentalmente a las actividades esenciales y tambi\u00e9n a reforzar distintos programas de emergencia por el impacto del COVID-19\u201d, remat\u00f3.\u00a0<\/p>\n","protected":false},"excerpt":{"rendered":"<p>Juan Arcos Xalapa, Ver.- El doctor en Ciencia Pol\u00edtica, Mart\u00edn Aguilar S\u00e1nchez, se inscribi\u00f3 como aspirante a la Rector\u00eda de la Universidad Veracruzana (UV), en busca de que la instituci\u00f3n recupere su reconocimiento como referente y difusi\u00f3n de conocimiento, cultura y arte. El acad\u00e9mico del Instituto de Investigaciones Hist\u00f3rico Sociales dijo haber cumplido con todos [&hellip;]<\/p>\n","protected":false},"author":1,"featured_media":16216,"comment_status":"open","ping_status":"open","sticky":false,"template":"","format":"standard","meta":{"_jetpack_memberships_contains_paid_content":false,"footnotes":""},"categories":[2],"tags":[],"class_list":["post-16215","post","type-post","status-publish","format-standard","has-post-thumbnail","hentry","category-estado"],"jetpack_featured_media_url":"https:\/\/encuentroinformativo.com.mx\/wp-content\/uploads\/2021\/07\/A49F1D6F-C8F0-412A-B77C-FCBE6023FBF8.jpeg","jetpack_sharing_enabled":true,"jetpack_likes_enabled":true,"amp_enabled":true,"_links":{"self":[{"href":"https:\/\/encuentroinformativo.com.mx\/index.php?rest_route=\/wp\/v2\/posts\/16215","targetHints":{"allow":["GET"]}}],"collection":[{"href":"https:\/\/encuentroinformativo.com.mx\/index.php?rest_route=\/wp\/v2\/posts"}],"about":[{"href":"https:\/\/encuentroinformativo.com.mx\/index.php?rest_route=\/wp\/v2\/types\/post"}],"author":[{"embeddable":true,"href":"https:\/\/encuentroinformativo.com.mx\/index.php?rest_route=\/wp\/v2\/users\/1"}],"replies":[{"embeddable":true,"href":"https:\/\/encuentroinformativo.com.mx\/index.php?rest_route=%2Fwp%2Fv2%2Fcomments&post=16215"}],"version-history":[{"count":1,"href":"https:\/\/encuentroinformativo.com.mx\/index.php?rest_route=\/wp\/v2\/posts\/16215\/revisions"}],"predecessor-version":[{"id":16217,"href":"https:\/\/encuentroinformativo.com.mx\/index.php?rest_route=\/wp\/v2\/posts\/16215\/revisions\/16217"}],"wp:featuredmedia":[{"embeddable":true,"href":"https:\/\/encuentroinformativo.com.mx\/index.php?rest_route=\/wp\/v2\/media\/16216"}],"wp:attachment":[{"href":"https:\/\/encuentroinformativo.com.mx\/index.php?rest_route=%2Fwp%2Fv2%2Fmedia&parent=16215"}],"wp:term":[{"taxonomy":"category","embeddable":true,"href":"https:\/\/encuentroinformativo.com.mx\/index.php?rest_route=%2Fwp%2Fv2%2Fcategories&post=16215"},{"taxonomy":"post_tag","embeddable":true,"href":"https:\/\/encuentroinformativo.com.mx\/index.php?rest_route=%2Fwp%2Fv2%2Ftags&post=16215"}],"curies":[{"name":"wp","href":"https:\/\/api.w.org\/{rel}","templated":true}]}}