{"id":16218,"date":"2021-07-08T13:29:18","date_gmt":"2021-07-08T18:29:18","guid":{"rendered":"https:\/\/encuentroinformativo.com.mx\/?p=16218"},"modified":"2021-07-08T13:29:22","modified_gmt":"2021-07-08T18:29:22","slug":"sin-fecha-para-retornar-a-clases-presenciales-sev","status":"publish","type":"post","link":"https:\/\/encuentroinformativo.com.mx\/?p=16218","title":{"rendered":"Sin fecha para retornar a clases presenciales: SEV"},"content":{"rendered":"\n<p><strong>Dar\u00edo Pale<\/strong><\/p>\n\n\n\n<p>Xalapa, Ver.- El Secretario de Educaci\u00f3n en Veracruz, Roberto Zenyazen Escobar Garc\u00eda dio a conocer que ser\u00e1n los padres de familia junto con los docentes quienes decidan de acuerdo al sem\u00e1foro epidemiol\u00f3gico, en qu\u00e9 escuelas de Veracruz iniciar\u00e1 el ciclo escolar 2021-2022 de forma presencial.<\/p>\n\n\n\n<p>Entrevistado en la Benem\u00e9rita Escuela Normal Veracruzana se\u00f1al\u00f3 que, &#8220;nosotros estamos en el concenso con padres y madres de familia&#8230; nosotros siempre somos muy respetuosos de lo que determinen los consejos de participaci\u00f3n, en este caso, la Asociaci\u00f3n de Padres de Familia de los diferentes centros escolares, y lo que determine la comunidad escolar, tanto con directivos y maestros, si su regreso ser\u00e1 presencial o a distancia o de manera mixta&#8221;.<\/p>\n\n\n\n<p>Precis\u00f3 que el el caso de los municipios que est\u00e9n en color rojo en el sem\u00e1foro regional no se considerar\u00e1 dicha posibilidad, por ello se consideran los municipios en zonas rurales para el regreso presencial, adem\u00e1s de que es donde han presentado mayores problemas para la educaci\u00f3n a distancia por falta de internet o televisi\u00f3n.<\/p>\n\n\n\n<p>&#8220;Depender\u00e1 del sem\u00e1foro en cada municipio y los comit\u00e9s de participaci\u00f3n de padres de familia, directores y maestros. Lo que se determine&#8221; subray\u00f3.<\/p>\n\n\n\n<p>En otro tema, tras la manifestaci\u00f3n del Siteba, en el sentido de que no hay condiciones para regresar a clases presenciales sino hasta el 2022, Escobar Garc\u00eda, dijo que respeta las expresiones de todos, pero tambi\u00e9n se debe analizar la responsabilidad que tienen los docentes, sobre todo en las comunidades donde se est\u00e1 presentando un gran rezago educativo.<\/p>\n\n\n\n<p>Ah\u00ed, aprovech\u00f3 para agradecer a todos los docentes que van a dejar material a sus localidades porque no pueden dar clases presenciales.<\/p>\n\n\n\n<p>En cuanto a los robos en las escuelas sobre todo en la zona conurbada Veracruz-Boca del R\u00edo, este mi\u00e9rcoles fue detenida la banda que llevaba a cabo estos delitos, mencion\u00f3 que hay varios detenidos, mismos que conformaban una banda delincuencial.<\/p>\n\n\n\n<p>&#8220;Ayer, como ustedes saben hubo personas detenidas por esta banda delincuencial que ya estaba de manera constante en el puerto de Veracruz, asaltando centros escolares, no puedo dar informaci\u00f3n, pero ya estamos en contacto con la Fiscal\u00eda y viendo todo lo que procede&#8230; aumentaron a dos m\u00e1s, son 73 escuelas&#8221;, se\u00f1al\u00f3.<\/p>\n\n\n\n<p>Finalmente el funcionario subray\u00f3 que la mayor\u00eda de ese total de delitos se cometieron en la zona conurbada Veracruz-Boca del R\u00edo, &#8220;es el foco rojo&#8221;, por lo que asever\u00f3 que gracias a los ahorros que han logrado ser\u00e1 como puedan analizar la manera de apoyar a todas esas escuelas que fueron saqueadas.<\/p>\n\n\n\n<p><strong>Tema Licitaciones<\/strong><\/p>\n\n\n\n<p>En otro orden de ideas, el titular de la SEV dijo que se revisar\u00e1 el tema de la licitaci\u00f3n para la celebraci\u00f3n del D\u00eda del Maestro, ya que se trata de un tema administrativos y quien lleva las licitaciones es la oficial mayor, Ariadna Selene Aguilar Amaya.<\/p>\n\n\n\n<p>Entrevistado en la Benem\u00e9rita Escuela Normal Veracruzana dio a conocer que lo anterior se debe a que despu\u00e9s de que se diera a conocer que la empresa Servicio Lounge Eurodance, una de las compa\u00f1\u00edas que era investigada por la Fiscal\u00eda Estatal Anticorrupci\u00f3n en el 2019, por ser ganadora de contrato directo en el Festival de la Salsa en Boca del Rio, de ese mismo a\u00f1o, podr\u00eda ser la que gane la licitaci\u00f3n para la celebraci\u00f3n del D\u00eda del Maestro, por ofrecer la propuesta m\u00e1s econ\u00f3mica.<\/p>\n\n\n\n<p>Seg\u00fan la Junta de Aclaraciones, las propuestas realizadas para organizar los festejos van desde el m\u00e1s costoso, que es de 6 millones 735 mil 463 pesos, hasta el m\u00e1s barato, de 5 millones 493 mil 597 pesos.<\/p>\n\n\n\n<p>La propuesta m\u00e1s econ\u00f3mica la hizo a la SEV, Servicio Lounge Eurodance, es por eso por lo que tiene amplias posibilidades de ganar el concurso, pese a los se\u00f1alamientos que tuvo en el pasado.<\/p>\n\n\n\n<p>Hace dos a\u00f1os, un medio de comunicaci\u00f3n nacional public\u00f3 un reportaje que daba cuenta que todos los contratos que se ocuparon para el Festival de la Salsa en Boca del R\u00edo fueron por asignaci\u00f3n directa, sin licitaci\u00f3n.<\/p>\n\n\n\n<p>Servicio Lounge Eurodance era una de las participantes con un contrato para la presentaci\u00f3n de los artistas, por lo que la Fiscal\u00eda inici\u00f3 una investigaci\u00f3n que ya no prosper\u00f3, luego de la remoci\u00f3n del Fiscal, Jorge Winckler.<\/p>\n\n\n\n<p>&#8220;La Secretar\u00eda tiene diversas ramas, una de \u00e9stas es el tema administrativo, yo siempre trato de estar muy al pendiente, pero corresponde a Oficil\u00eda Mayor todo este tipo de contrataciones, s\u00ed hab\u00eda visto la noticia, sin embargo, hab\u00edamos estado ocupados en otros temas, revisar\u00e9 y ver\u00e9 c\u00f3mo se llev\u00f3 a cabo esta licitaci\u00f3n&#8221;, coment\u00f3.<\/p>\n\n\n\n<p>Asimismo, con relaci\u00f3n a s\u00ed se llevar\u00e1 a cabo la celebraci\u00f3n del D\u00eda del Maestro, dijo que est\u00e1n analiz\u00e1ndolo, ya que han hecho ahorros sustanciales para poder invertir en cosas que son prioritarias, adem\u00e1s de todo lo que tiene que ver con la pandemia y la realizaci\u00f3n de obras que estaban atrasadas.<\/p>\n\n\n\n<p>Hay que hacer referencia que se public\u00f3 que ser\u00e1 este jueves cuando el ganador de la licitaci\u00f3n tendr\u00e1 que acudir a firmar el documento y el 9 de este mismo mes, debe tener montado todo lo requerido, es decir, desde equipo para la trasmisi\u00f3n en la plataforma Zoom, grupo musical, material para desinfecci\u00f3n, 200 laptops y 150 tablets que rifar\u00e1n al magisterio, entre otros.<\/p>\n\n\n\n<p>Finalmente seg\u00fan el proceso, hay tres invitados en competici\u00f3n: ENILA SA de CV y Mariana Estela P\u00e9rez, ambos con contratos ya en diferentes dependencias gubernamentales y la tercera es Servicio Lounge Eurodance.<\/p>\n","protected":false},"excerpt":{"rendered":"<p>Dar\u00edo Pale Xalapa, Ver.- El Secretario de Educaci\u00f3n en Veracruz, Roberto Zenyazen Escobar Garc\u00eda dio a conocer que ser\u00e1n los padres de familia junto con los docentes quienes decidan de acuerdo al sem\u00e1foro epidemiol\u00f3gico, en qu\u00e9 escuelas de Veracruz iniciar\u00e1 el ciclo escolar 2021-2022 de forma presencial. Entrevistado en la Benem\u00e9rita Escuela Normal Veracruzana se\u00f1al\u00f3 [&hellip;]<\/p>\n","protected":false},"author":1,"featured_media":16219,"comment_status":"open","ping_status":"open","sticky":false,"template":"","format":"standard","meta":{"_jetpack_memberships_contains_paid_content":false,"footnotes":""},"categories":[2],"tags":[],"class_list":["post-16218","post","type-post","status-publish","format-standard","has-post-thumbnail","hentry","category-estado"],"jetpack_featured_media_url":"https:\/\/encuentroinformativo.com.mx\/wp-content\/uploads\/2021\/07\/AD38F5CD-983F-4FED-BE2E-C3EC9BB0D75C.jpeg","jetpack_sharing_enabled":true,"jetpack_likes_enabled":true,"amp_enabled":true,"_links":{"self":[{"href":"https:\/\/encuentroinformativo.com.mx\/index.php?rest_route=\/wp\/v2\/posts\/16218","targetHints":{"allow":["GET"]}}],"collection":[{"href":"https:\/\/encuentroinformativo.com.mx\/index.php?rest_route=\/wp\/v2\/posts"}],"about":[{"href":"https:\/\/encuentroinformativo.com.mx\/index.php?rest_route=\/wp\/v2\/types\/post"}],"author":[{"embeddable":true,"href":"https:\/\/encuentroinformativo.com.mx\/index.php?rest_route=\/wp\/v2\/users\/1"}],"replies":[{"embeddable":true,"href":"https:\/\/encuentroinformativo.com.mx\/index.php?rest_route=%2Fwp%2Fv2%2Fcomments&post=16218"}],"version-history":[{"count":1,"href":"https:\/\/encuentroinformativo.com.mx\/index.php?rest_route=\/wp\/v2\/posts\/16218\/revisions"}],"predecessor-version":[{"id":16220,"href":"https:\/\/encuentroinformativo.com.mx\/index.php?rest_route=\/wp\/v2\/posts\/16218\/revisions\/16220"}],"wp:featuredmedia":[{"embeddable":true,"href":"https:\/\/encuentroinformativo.com.mx\/index.php?rest_route=\/wp\/v2\/media\/16219"}],"wp:attachment":[{"href":"https:\/\/encuentroinformativo.com.mx\/index.php?rest_route=%2Fwp%2Fv2%2Fmedia&parent=16218"}],"wp:term":[{"taxonomy":"category","embeddable":true,"href":"https:\/\/encuentroinformativo.com.mx\/index.php?rest_route=%2Fwp%2Fv2%2Fcategories&post=16218"},{"taxonomy":"post_tag","embeddable":true,"href":"https:\/\/encuentroinformativo.com.mx\/index.php?rest_route=%2Fwp%2Fv2%2Ftags&post=16218"}],"curies":[{"name":"wp","href":"https:\/\/api.w.org\/{rel}","templated":true}]}}