{"id":16221,"date":"2021-07-08T14:03:53","date_gmt":"2021-07-08T19:03:53","guid":{"rendered":"https:\/\/encuentroinformativo.com.mx\/?p=16221"},"modified":"2021-07-08T14:03:56","modified_gmt":"2021-07-08T19:03:56","slug":"reclaman-docentes-atender-cambios-de-adscripcion","status":"publish","type":"post","link":"https:\/\/encuentroinformativo.com.mx\/?p=16221","title":{"rendered":"Reclaman docentes atender cambios de adscripci\u00f3n"},"content":{"rendered":"\n<p><strong>Juan Arcos<\/strong> <\/p>\n\n\n\n<p>Xalapa, Ver.- Un grupo de profesores protest\u00f3 frente a Palacio de Gobierno para exigir un proceso de cambios de adscripci\u00f3n, que se lleve a cabo de manera justa y transparente.<\/p>\n\n\n\n<p>Los inconformistas se plantaron sobre Plaza Sebasti\u00e1n Lerdo de Tejada para reclamar a las autoridades educativas que no haya \u201cfavoritismo\u201d en dicha situaci\u00f3n.<\/p>\n\n\n\n<p>Sostuvieron una lona de, unos tres metros de largo por dos de alto, con el mensaje: \u201cexigimos la apertura de nuevos espacios de trabajo a donde poder llegar y favorecer los procesos educativos e inclusivos de los ni\u00f1os en todo el estado\u201d.<\/p>\n\n\n\n<p>De acuerdo con Erika G\u00f3mez, maestra de educaci\u00f3n especial, el pasado lunes 5 de julio se llev\u00f3 a cabo la reuni\u00f3n virtual para cambios de adscripci\u00f3n donde solo se ofertaron tres lugares para toda la zona norte del estado.<\/p>\n\n\n\n<p>Sin embargo, mencion\u00f3 que son varios docentes los que han solicitado su cambio correspondiente, sin obtener una respuesta favorable por parte de las autoridades educativas.<\/p>\n\n\n\n<p>\u201cS\u00f3lo si tienes palanca puedes cambiarte, sino no. Entonces eso no es justo para nosotros, pues gastamos tanto en pasajes y \u00bfcu\u00e1nto nos va a quedar? Son primarias, secundarias y Educaci\u00f3n Especial que estamos en estas condiciones\u201d.<\/p>\n\n\n\n<p>Se habla de 103 profesores de educaci\u00f3n especial que est\u00e1n siendo afectados por esta situaci\u00f3n.<\/p>\n\n\n\n<p>Por tal motivo, pidieron la intervenci\u00f3n del gobernador del estado, Cuitl\u00e1huac Garc\u00eda Jim\u00e9nez para que haya transparencia en el proceso correspondiente y no s\u00f3lo se beneficie a ciertas organizaciones sindicales.<\/p>\n","protected":false},"excerpt":{"rendered":"<p>Juan Arcos Xalapa, Ver.- Un grupo de profesores protest\u00f3 frente a Palacio de Gobierno para exigir un proceso de cambios de adscripci\u00f3n, que se lleve a cabo de manera justa y transparente. Los inconformistas se plantaron sobre Plaza Sebasti\u00e1n Lerdo de Tejada para reclamar a las autoridades educativas que no haya \u201cfavoritismo\u201d en dicha situaci\u00f3n. [&hellip;]<\/p>\n","protected":false},"author":1,"featured_media":16222,"comment_status":"open","ping_status":"open","sticky":false,"template":"","format":"standard","meta":{"_jetpack_memberships_contains_paid_content":false,"footnotes":""},"categories":[3],"tags":[],"class_list":["post-16221","post","type-post","status-publish","format-standard","has-post-thumbnail","hentry","category-xalapa"],"jetpack_featured_media_url":"https:\/\/encuentroinformativo.com.mx\/wp-content\/uploads\/2021\/07\/DA354DEF-7D00-4D07-B6A1-70F8B58EFD41.jpeg","jetpack_sharing_enabled":true,"jetpack_likes_enabled":true,"amp_enabled":true,"_links":{"self":[{"href":"https:\/\/encuentroinformativo.com.mx\/index.php?rest_route=\/wp\/v2\/posts\/16221","targetHints":{"allow":["GET"]}}],"collection":[{"href":"https:\/\/encuentroinformativo.com.mx\/index.php?rest_route=\/wp\/v2\/posts"}],"about":[{"href":"https:\/\/encuentroinformativo.com.mx\/index.php?rest_route=\/wp\/v2\/types\/post"}],"author":[{"embeddable":true,"href":"https:\/\/encuentroinformativo.com.mx\/index.php?rest_route=\/wp\/v2\/users\/1"}],"replies":[{"embeddable":true,"href":"https:\/\/encuentroinformativo.com.mx\/index.php?rest_route=%2Fwp%2Fv2%2Fcomments&post=16221"}],"version-history":[{"count":1,"href":"https:\/\/encuentroinformativo.com.mx\/index.php?rest_route=\/wp\/v2\/posts\/16221\/revisions"}],"predecessor-version":[{"id":16223,"href":"https:\/\/encuentroinformativo.com.mx\/index.php?rest_route=\/wp\/v2\/posts\/16221\/revisions\/16223"}],"wp:featuredmedia":[{"embeddable":true,"href":"https:\/\/encuentroinformativo.com.mx\/index.php?rest_route=\/wp\/v2\/media\/16222"}],"wp:attachment":[{"href":"https:\/\/encuentroinformativo.com.mx\/index.php?rest_route=%2Fwp%2Fv2%2Fmedia&parent=16221"}],"wp:term":[{"taxonomy":"category","embeddable":true,"href":"https:\/\/encuentroinformativo.com.mx\/index.php?rest_route=%2Fwp%2Fv2%2Fcategories&post=16221"},{"taxonomy":"post_tag","embeddable":true,"href":"https:\/\/encuentroinformativo.com.mx\/index.php?rest_route=%2Fwp%2Fv2%2Ftags&post=16221"}],"curies":[{"name":"wp","href":"https:\/\/api.w.org\/{rel}","templated":true}]}}