{"id":16224,"date":"2021-07-08T14:20:15","date_gmt":"2021-07-08T19:20:15","guid":{"rendered":"https:\/\/encuentroinformativo.com.mx\/?p=16224"},"modified":"2021-07-08T14:20:18","modified_gmt":"2021-07-08T19:20:18","slug":"minimiza-senadora-costo-de-500-mdp-para-consulta-popular","status":"publish","type":"post","link":"https:\/\/encuentroinformativo.com.mx\/?p=16224","title":{"rendered":"Minimiza senadora costo de 500 mdp para consulta popular"},"content":{"rendered":"\n<p><strong>Dar\u00edo Pale<\/strong><\/p>\n\n\n\n<p>Xalapa, Ver.- La senadora de Morena Gloria S\u00e1nchez minimiz\u00f3 el costo de 500 millones de pesos que costar\u00e1 la consulta popular sobre el juicio en contra de los expresidentes ya que solo mencion\u00f3 &#8220;no es tan cara&#8221;.<\/p>\n\n\n\n<p>Entrevistada en la Benem\u00e9rita Escuela Normal Veracruzana, coment\u00f3 en un tono un poco molesta que la encuesta no hubiera costado nada si se hubiera hecho en paralelo con la elecci\u00f3n del pasado 6 de junio, por lo que culp\u00f3 a la oposici\u00f3n, por lo que ahora se llevar\u00e1 a cabo en el mes de agosto.<\/p>\n\n\n\n<p>&#8220;No es tan cara, quer\u00edan mucho dinero los del INE y no se les dio. Se puede hacer porque es una sola boleta, est\u00e1 hecha en papel muy econ\u00f3mico. No van movilizar ellos muebles, los locales a donde se va a instalar la casilla, van a ser proporcionados por las escuelas, entonces que no magnifiquen, es un ejercicio que vale la pena&#8221;, comento.<\/p>\n\n\n\n<p>De igual forma se\u00f1al\u00f3 que es necesario tomar conciencia de que si en esta ocasi\u00f3n se le toma en cuenta a los ciudadanos, despu\u00e9s deben exigir que sean consultados sobre las decisiones importantes del pa\u00eds, pero sobre todo, de que sean vigilantes de que la autoridad cumpla.<\/p>\n\n\n\n<p>Reconoci\u00f3 que no es f\u00e1cil alcanzar la meta de 38 millones de votos para que sea vinculante y as\u00ed iniciar un juicio contra los exmandatarios, &#8220;no es f\u00e1cil, por eso es necesario impulsarlo, porque adem\u00e1s va a ser el primer ejercicio nacional y que no tiene el h\u00e1bito democr\u00e1tico la ciudadan\u00eda&#8221;.<\/p>\n\n\n\n<p>Molesta porque se le insist\u00eda en que es mucho dinero 500 millones de pesos, respondi\u00f3 que no es dinero del INE, es dinero del pueblo.<\/p>\n\n\n\n<p>&#8220;Est\u00e1n para eso, por favor no nos confundamos&#8230; No, no, no es m\u00e1s f\u00e1cil ustedes saben c\u00f3mo es la impunidad en M\u00e9xico, entonces por ah\u00ed tambi\u00e9n el Poder Judicial tiene que hacer su tarea&#8221;, agreg\u00f3.<\/p>\n\n\n\n<p>Recalc\u00f3 que lo m\u00e1s importante es que se consulte al pueblo, que este opine y que ojal\u00e1 pueda llegar a ser vigilante para que se sienta el peso de la voluntad popular.<\/p>\n\n\n\n<p>Tras conocer el resultado de la encuesta y si lograran que fuera vinculante, entonces el Poder Judicial deber\u00e1 proceder conforme a Derecho contra los expresidentes, aunque un minuto antes mostr\u00f3 su desconfianza a dicha soberan\u00eda.<\/p>\n\n\n\n<p>En caso de no lograr los 38 millones de votos, manifest\u00f3 que lo m\u00e1s importante deber\u00e1 ser el ejercicio porque se sienta un precedente.<\/p>\n\n\n\n<p>&#8220;Si no es vinculante, entonces sencillamente se sigue con las mismas reglas y h\u00e1bitos que hasta el momento hay, las denuncias. Como en el caso del 68 y del 71 hubo una Comisi\u00f3n de la Verdad y a Echeverr\u00eda se le llev\u00f3 a juicio y resulta que no fue genocidio lo que hizo, fue homicidio y eso ya prescribi\u00f3&#8221;, se\u00f1al\u00f3.<\/p>\n\n\n\n<p>Finalmente se\u00f1al\u00f3 que, &#8220;de todas maneras hubo una acci\u00f3n social, una reivindicaci\u00f3n de los j\u00f3venes y no fue a la c\u00e1rcel, pero hubo una acci\u00f3n de inconformidad bien canalizada&#8221;.<\/p>\n","protected":false},"excerpt":{"rendered":"<p>Dar\u00edo Pale Xalapa, Ver.- La senadora de Morena Gloria S\u00e1nchez minimiz\u00f3 el costo de 500 millones de pesos que costar\u00e1 la consulta popular sobre el juicio en contra de los expresidentes ya que solo mencion\u00f3 &#8220;no es tan cara&#8221;. Entrevistada en la Benem\u00e9rita Escuela Normal Veracruzana, coment\u00f3 en un tono un poco molesta que la [&hellip;]<\/p>\n","protected":false},"author":1,"featured_media":16225,"comment_status":"open","ping_status":"open","sticky":false,"template":"","format":"standard","meta":{"_jetpack_memberships_contains_paid_content":false,"footnotes":""},"categories":[12],"tags":[],"class_list":["post-16224","post","type-post","status-publish","format-standard","has-post-thumbnail","hentry","category-nacional"],"jetpack_featured_media_url":"https:\/\/encuentroinformativo.com.mx\/wp-content\/uploads\/2021\/07\/831865F9-2A98-42E2-A8A0-CAA42D6AF55A.jpeg","jetpack_sharing_enabled":true,"jetpack_likes_enabled":true,"amp_enabled":true,"_links":{"self":[{"href":"https:\/\/encuentroinformativo.com.mx\/index.php?rest_route=\/wp\/v2\/posts\/16224","targetHints":{"allow":["GET"]}}],"collection":[{"href":"https:\/\/encuentroinformativo.com.mx\/index.php?rest_route=\/wp\/v2\/posts"}],"about":[{"href":"https:\/\/encuentroinformativo.com.mx\/index.php?rest_route=\/wp\/v2\/types\/post"}],"author":[{"embeddable":true,"href":"https:\/\/encuentroinformativo.com.mx\/index.php?rest_route=\/wp\/v2\/users\/1"}],"replies":[{"embeddable":true,"href":"https:\/\/encuentroinformativo.com.mx\/index.php?rest_route=%2Fwp%2Fv2%2Fcomments&post=16224"}],"version-history":[{"count":1,"href":"https:\/\/encuentroinformativo.com.mx\/index.php?rest_route=\/wp\/v2\/posts\/16224\/revisions"}],"predecessor-version":[{"id":16226,"href":"https:\/\/encuentroinformativo.com.mx\/index.php?rest_route=\/wp\/v2\/posts\/16224\/revisions\/16226"}],"wp:featuredmedia":[{"embeddable":true,"href":"https:\/\/encuentroinformativo.com.mx\/index.php?rest_route=\/wp\/v2\/media\/16225"}],"wp:attachment":[{"href":"https:\/\/encuentroinformativo.com.mx\/index.php?rest_route=%2Fwp%2Fv2%2Fmedia&parent=16224"}],"wp:term":[{"taxonomy":"category","embeddable":true,"href":"https:\/\/encuentroinformativo.com.mx\/index.php?rest_route=%2Fwp%2Fv2%2Fcategories&post=16224"},{"taxonomy":"post_tag","embeddable":true,"href":"https:\/\/encuentroinformativo.com.mx\/index.php?rest_route=%2Fwp%2Fv2%2Ftags&post=16224"}],"curies":[{"name":"wp","href":"https:\/\/api.w.org\/{rel}","templated":true}]}}