{"id":16233,"date":"2021-07-08T15:55:28","date_gmt":"2021-07-08T20:55:28","guid":{"rendered":"https:\/\/encuentroinformativo.com.mx\/?p=16233"},"modified":"2021-07-08T15:55:32","modified_gmt":"2021-07-08T20:55:32","slug":"vicerrector-tambien-busca-rectoria-uv","status":"publish","type":"post","link":"https:\/\/encuentroinformativo.com.mx\/?p=16233","title":{"rendered":"Vicerrector tambi\u00e9n busca rector\u00eda UV"},"content":{"rendered":"\n<p><strong>Juan Arcos<\/strong><\/p>\n\n\n\n<p>Xalapa, Ver.- Carlos Lamothe Zavaleta se registr\u00f3 como aspirante a la Rector\u00eda de la Universidad Veracruzana (UV), para consolidar un proceso de ense\u00f1anza-aprendizaje que ha sido modificado por la pandemia del SARS-COV-2 (COVID-19).<\/p>\n\n\n\n<p>El Vicerrector de la UV, regi\u00f3n Coatzacoalcos-Minatitl\u00e1n, mostr\u00f3 su constancia de inscripci\u00f3n, tras haber presentado la documentaci\u00f3n solicitada en la convocatoria.<\/p>\n\n\n\n<p>El acad\u00e9mico acudi\u00f3 a las 12:00 horas y tard\u00f3 casi 120 minutos en la revisi\u00f3n de cada documento, para participar en el proceso de sucesi\u00f3n de Sara Ladr\u00f3n de Guevara Gonz\u00e1lez.<\/p>\n\n\n\n<p>\u201cCreo que el problema m\u00e1s importante que enfrenta cualquiera de las instituciones de educaci\u00f3n superior es el proceso ense\u00f1anza-aprendizaje que ha sido modificado como consecuencia de la pandemia y que hemos transitado de la gran mayor\u00eda de las actividades de car\u00e1cter presencial a actividades de car\u00e1cter en l\u00ednea o virtuales\u201d.<\/p>\n\n\n\n<p>El entrevistado indic\u00f3 que debe continuarse trabajando a distancia, debido a que contin\u00faa la emergencia sanitaria por coronavirus.<\/p>\n\n\n\n<p>\u201cEso nos genera una cierta incertidumbre de que es lo que nos espera, pero tambi\u00e9n abre una serie de oportunidades para la universidad, para revisar de manera apegada a lo que establecen los lineamientos, todos sus programas acad\u00e9micos educativos, sus contenidos y las modalidades de educaci\u00f3n\u201d.<\/p>\n\n\n\n<p>Lamothe Zavaleta esperar\u00e1 el dictamen de la Junta de Gobierno que ser\u00e1 publicada el pr\u00f3ximo lunes 12 de julio con los nombres de quienes fueron aceptados como aspirantes.<\/p>\n\n\n\n<p>Adem\u00e1s, dijo confiar en dicho \u00f3rgano colegiado y consider\u00f3 que el proceso para la renovaci\u00f3n de la Rector\u00eda ha sido transparente.<\/p>\n","protected":false},"excerpt":{"rendered":"<p>Juan Arcos Xalapa, Ver.- Carlos Lamothe Zavaleta se registr\u00f3 como aspirante a la Rector\u00eda de la Universidad Veracruzana (UV), para consolidar un proceso de ense\u00f1anza-aprendizaje que ha sido modificado por la pandemia del SARS-COV-2 (COVID-19). El Vicerrector de la UV, regi\u00f3n Coatzacoalcos-Minatitl\u00e1n, mostr\u00f3 su constancia de inscripci\u00f3n, tras haber presentado la documentaci\u00f3n solicitada en la [&hellip;]<\/p>\n","protected":false},"author":1,"featured_media":16234,"comment_status":"open","ping_status":"open","sticky":false,"template":"","format":"standard","meta":{"_jetpack_memberships_contains_paid_content":false,"footnotes":""},"categories":[2],"tags":[],"class_list":["post-16233","post","type-post","status-publish","format-standard","has-post-thumbnail","hentry","category-estado"],"jetpack_featured_media_url":"https:\/\/encuentroinformativo.com.mx\/wp-content\/uploads\/2021\/07\/59D43384-5C46-43C9-B102-2A7A60F010BD.jpeg","jetpack_sharing_enabled":true,"jetpack_likes_enabled":true,"amp_enabled":true,"_links":{"self":[{"href":"https:\/\/encuentroinformativo.com.mx\/index.php?rest_route=\/wp\/v2\/posts\/16233","targetHints":{"allow":["GET"]}}],"collection":[{"href":"https:\/\/encuentroinformativo.com.mx\/index.php?rest_route=\/wp\/v2\/posts"}],"about":[{"href":"https:\/\/encuentroinformativo.com.mx\/index.php?rest_route=\/wp\/v2\/types\/post"}],"author":[{"embeddable":true,"href":"https:\/\/encuentroinformativo.com.mx\/index.php?rest_route=\/wp\/v2\/users\/1"}],"replies":[{"embeddable":true,"href":"https:\/\/encuentroinformativo.com.mx\/index.php?rest_route=%2Fwp%2Fv2%2Fcomments&post=16233"}],"version-history":[{"count":1,"href":"https:\/\/encuentroinformativo.com.mx\/index.php?rest_route=\/wp\/v2\/posts\/16233\/revisions"}],"predecessor-version":[{"id":16235,"href":"https:\/\/encuentroinformativo.com.mx\/index.php?rest_route=\/wp\/v2\/posts\/16233\/revisions\/16235"}],"wp:featuredmedia":[{"embeddable":true,"href":"https:\/\/encuentroinformativo.com.mx\/index.php?rest_route=\/wp\/v2\/media\/16234"}],"wp:attachment":[{"href":"https:\/\/encuentroinformativo.com.mx\/index.php?rest_route=%2Fwp%2Fv2%2Fmedia&parent=16233"}],"wp:term":[{"taxonomy":"category","embeddable":true,"href":"https:\/\/encuentroinformativo.com.mx\/index.php?rest_route=%2Fwp%2Fv2%2Fcategories&post=16233"},{"taxonomy":"post_tag","embeddable":true,"href":"https:\/\/encuentroinformativo.com.mx\/index.php?rest_route=%2Fwp%2Fv2%2Ftags&post=16233"}],"curies":[{"name":"wp","href":"https:\/\/api.w.org\/{rel}","templated":true}]}}