{"id":16236,"date":"2021-07-08T16:56:35","date_gmt":"2021-07-08T21:56:35","guid":{"rendered":"https:\/\/encuentroinformativo.com.mx\/?p=16236"},"modified":"2021-07-08T16:56:39","modified_gmt":"2021-07-08T21:56:39","slug":"despues-de-16-meses-vuelven-a-tener-trabajo-los-caracoles","status":"publish","type":"post","link":"https:\/\/encuentroinformativo.com.mx\/?p=16236","title":{"rendered":"Despu\u00e9s de 16 meses vuelven a tener trabajo Los Caracoles"},"content":{"rendered":"\n<p><strong>Alejandro \u00c1vila<\/strong><\/p>\n\n\n\n<p>Veracruz, Ver. \u2013 El conjunto de musical Los Caracoles volver\u00e1 a tener una presentaci\u00f3n art\u00edstica despu\u00e9s de 16 meses de estar detenido en sus actividades por la pandemia de COVID-19, inform\u00f3 Roberto Contreras \u201cSombra\u201d, cantante y director musical.<\/p>\n\n\n\n<p>Esta ma\u00f1ana, acudieron al Hospital Infantil de Veracruz para comentarle a las madres de familia que permanecen en plant\u00f3n, que el autob\u00fas que les hab\u00edan prestado para pasar la noche y descansar, lo iban a ocupar, pues finalmente hab\u00edan conseguido un respiro a su econom\u00eda al ser contratados para realizar un concierto.<\/p>\n\n\n\n<p>\u201cLa \u00faltima tocada la tuvimos el 15 de marzo del 2020, nos sali\u00f3 una tocadita y despu\u00e9s de tanto tiempo parado hay que llegar a hacerle mantenimiento y sacar permisos para que pueda andar en las carreteras, otra de las razones es que nuestro muchacho que est\u00e1 aqu\u00ed desde hace ocho d\u00edas no est\u00e1 vacunado y ha habido un incremento en contagios.<\/p>\n\n\n\n<p>Nuestro muchacho (el chofer de apodo \u201cLa Rana\u201d) no est\u00e1 vacunado y ya le toca\u201d, dijo \u201cSombra\u201d en entrevista.<\/p>\n\n\n\n<p>El conjunto de m\u00fasica tropical, oriundo de Xalapa, ha apoyado en diversas acciones altruistas, dando apoyo econ\u00f3mico en desastres naturales, realizando conciertos gratuitos para amenizar eventos como la vacunaci\u00f3n de adultos mayores en Xalapa, o como en esta ocasi\u00f3n, que prestaron su transporte durante m\u00e1s de una semana para que las madres de ni\u00f1os con c\u00e1ncer pudieran dormir en una cama con aire acondicionado.<\/p>\n\n\n\n<p>En por ello que las se\u00f1oras que mantienen el plant\u00f3n agradecieron el apoyo de Los Caracoles, ya que para ellas fue reconfortante tener un lugar para refugiarse, sobre todo durante esta semana que hubo lluvias nocturnas; adem\u00e1s, desearon todo el \u00e9xito a los xalape\u00f1os y pidieron porque no sea el \u00faltimo evento que tengan, sino que les sea retribuido su apoyo con m\u00e1s trabajo.<\/p>\n","protected":false},"excerpt":{"rendered":"<p>Alejandro \u00c1vila Veracruz, Ver. \u2013 El conjunto de musical Los Caracoles volver\u00e1 a tener una presentaci\u00f3n art\u00edstica despu\u00e9s de 16 meses de estar detenido en sus actividades por la pandemia de COVID-19, inform\u00f3 Roberto Contreras \u201cSombra\u201d, cantante y director musical. Esta ma\u00f1ana, acudieron al Hospital Infantil de Veracruz para comentarle a las madres de familia [&hellip;]<\/p>\n","protected":false},"author":1,"featured_media":16237,"comment_status":"open","ping_status":"open","sticky":false,"template":"","format":"standard","meta":{"_jetpack_memberships_contains_paid_content":false,"footnotes":""},"categories":[2],"tags":[],"class_list":["post-16236","post","type-post","status-publish","format-standard","has-post-thumbnail","hentry","category-estado"],"jetpack_featured_media_url":"https:\/\/encuentroinformativo.com.mx\/wp-content\/uploads\/2021\/07\/478D7465-4E6A-42D0-BCDD-09CAEBE3F4A6.jpeg","jetpack_sharing_enabled":true,"jetpack_likes_enabled":true,"amp_enabled":true,"_links":{"self":[{"href":"https:\/\/encuentroinformativo.com.mx\/index.php?rest_route=\/wp\/v2\/posts\/16236","targetHints":{"allow":["GET"]}}],"collection":[{"href":"https:\/\/encuentroinformativo.com.mx\/index.php?rest_route=\/wp\/v2\/posts"}],"about":[{"href":"https:\/\/encuentroinformativo.com.mx\/index.php?rest_route=\/wp\/v2\/types\/post"}],"author":[{"embeddable":true,"href":"https:\/\/encuentroinformativo.com.mx\/index.php?rest_route=\/wp\/v2\/users\/1"}],"replies":[{"embeddable":true,"href":"https:\/\/encuentroinformativo.com.mx\/index.php?rest_route=%2Fwp%2Fv2%2Fcomments&post=16236"}],"version-history":[{"count":1,"href":"https:\/\/encuentroinformativo.com.mx\/index.php?rest_route=\/wp\/v2\/posts\/16236\/revisions"}],"predecessor-version":[{"id":16238,"href":"https:\/\/encuentroinformativo.com.mx\/index.php?rest_route=\/wp\/v2\/posts\/16236\/revisions\/16238"}],"wp:featuredmedia":[{"embeddable":true,"href":"https:\/\/encuentroinformativo.com.mx\/index.php?rest_route=\/wp\/v2\/media\/16237"}],"wp:attachment":[{"href":"https:\/\/encuentroinformativo.com.mx\/index.php?rest_route=%2Fwp%2Fv2%2Fmedia&parent=16236"}],"wp:term":[{"taxonomy":"category","embeddable":true,"href":"https:\/\/encuentroinformativo.com.mx\/index.php?rest_route=%2Fwp%2Fv2%2Fcategories&post=16236"},{"taxonomy":"post_tag","embeddable":true,"href":"https:\/\/encuentroinformativo.com.mx\/index.php?rest_route=%2Fwp%2Fv2%2Ftags&post=16236"}],"curies":[{"name":"wp","href":"https:\/\/api.w.org\/{rel}","templated":true}]}}