{"id":1624,"date":"2020-04-05T14:34:57","date_gmt":"2020-04-05T19:34:57","guid":{"rendered":"https:\/\/encuentroinformativo.com\/?p=1624"},"modified":"2020-04-05T14:34:59","modified_gmt":"2020-04-05T19:34:59","slug":"denuncian-saqueo-en-bares","status":"publish","type":"post","link":"https:\/\/encuentroinformativo.com.mx\/?p=1624","title":{"rendered":"Denuncian saqueo en bares"},"content":{"rendered":"\n<p><strong>Juan Arcos<\/strong><\/p>\n\n\n\n<p>Xalapa, Ver.- El bar \u201cEl Rey\u201d, ubicado sobre la avenida Ruiz Cortines, fue saqueado recientemente.<\/p>\n\n\n\n<p>Esto ocurri\u00f3 luego de que el ayuntamiento de Xalapa instruyera el cierre temporal de bares, cantinas, antros y centros nocturnos a partir del 21 de marzo por la contingencia sanitaria del coronavirus.<\/p>\n\n\n\n<p>As\u00ed lo denunci\u00f3 Noem\u00ed Hern\u00e1ndez, propietaria del bar Mixteco, quien a\u00f1adi\u00f3 que los delincuentes abrieron el establecimiento de unos de sus conocidos y sustrajeron los objetos de valor.<\/p>\n\n\n\n<p>\u201c\u00bfY eso lo va a pagar el gobierno?, no verdad, est\u00e1n fomentando la delincuencia\u201d, cuestion\u00f3.<\/p>\n\n\n\n<p>A su juicio, la gente que se ha quedado sin trabajo est\u00e1 robando para llevar el sustento a sus familias.<\/p>\n\n\n\n<p>\u201cEst\u00e1n implantando medidas, est\u00e1n obligando a la delincuencia a que nos caigan encima. La delincuencia sabe que los bares est\u00e1n cerrados\u201d.<\/p>\n\n\n\n<p>En redes sociales circularon videos donde la gente saquea centros comerciales; sin embargo, correspond\u00edan a hechos ocurridos en a\u00f1os pasados.<\/p>\n\n\n\n<p>No obstante, en la capital del estado, ya se ha registrado por lo menos un caso.<\/p>\n","protected":false},"excerpt":{"rendered":"<p>Juan Arcos Xalapa, Ver.- El bar \u201cEl Rey\u201d, ubicado sobre la avenida Ruiz Cortines, fue saqueado recientemente. Esto ocurri\u00f3 luego de que el ayuntamiento de Xalapa instruyera el cierre temporal de bares, cantinas, antros y centros nocturnos a partir del 21 de marzo por la contingencia sanitaria del coronavirus. As\u00ed lo denunci\u00f3 Noem\u00ed Hern\u00e1ndez, propietaria [&hellip;]<\/p>\n","protected":false},"author":1,"featured_media":1625,"comment_status":"open","ping_status":"open","sticky":false,"template":"","format":"standard","meta":{"_jetpack_memberships_contains_paid_content":false,"footnotes":""},"categories":[3],"tags":[],"class_list":["post-1624","post","type-post","status-publish","format-standard","has-post-thumbnail","hentry","category-xalapa"],"jetpack_featured_media_url":"https:\/\/encuentroinformativo.com.mx\/wp-content\/uploads\/2020\/04\/127417B4-18D4-4E9C-A061-C8163B561779.jpeg","jetpack_sharing_enabled":true,"jetpack_likes_enabled":true,"amp_enabled":true,"_links":{"self":[{"href":"https:\/\/encuentroinformativo.com.mx\/index.php?rest_route=\/wp\/v2\/posts\/1624","targetHints":{"allow":["GET"]}}],"collection":[{"href":"https:\/\/encuentroinformativo.com.mx\/index.php?rest_route=\/wp\/v2\/posts"}],"about":[{"href":"https:\/\/encuentroinformativo.com.mx\/index.php?rest_route=\/wp\/v2\/types\/post"}],"author":[{"embeddable":true,"href":"https:\/\/encuentroinformativo.com.mx\/index.php?rest_route=\/wp\/v2\/users\/1"}],"replies":[{"embeddable":true,"href":"https:\/\/encuentroinformativo.com.mx\/index.php?rest_route=%2Fwp%2Fv2%2Fcomments&post=1624"}],"version-history":[{"count":1,"href":"https:\/\/encuentroinformativo.com.mx\/index.php?rest_route=\/wp\/v2\/posts\/1624\/revisions"}],"predecessor-version":[{"id":1626,"href":"https:\/\/encuentroinformativo.com.mx\/index.php?rest_route=\/wp\/v2\/posts\/1624\/revisions\/1626"}],"wp:featuredmedia":[{"embeddable":true,"href":"https:\/\/encuentroinformativo.com.mx\/index.php?rest_route=\/wp\/v2\/media\/1625"}],"wp:attachment":[{"href":"https:\/\/encuentroinformativo.com.mx\/index.php?rest_route=%2Fwp%2Fv2%2Fmedia&parent=1624"}],"wp:term":[{"taxonomy":"category","embeddable":true,"href":"https:\/\/encuentroinformativo.com.mx\/index.php?rest_route=%2Fwp%2Fv2%2Fcategories&post=1624"},{"taxonomy":"post_tag","embeddable":true,"href":"https:\/\/encuentroinformativo.com.mx\/index.php?rest_route=%2Fwp%2Fv2%2Ftags&post=1624"}],"curies":[{"name":"wp","href":"https:\/\/api.w.org\/{rel}","templated":true}]}}