{"id":16242,"date":"2021-07-08T19:10:18","date_gmt":"2021-07-09T00:10:18","guid":{"rendered":"https:\/\/encuentroinformativo.com.mx\/?p=16242"},"modified":"2021-07-08T19:10:24","modified_gmt":"2021-07-09T00:10:24","slug":"confia-cazarin-en-repetir-en-su-curul","status":"publish","type":"post","link":"https:\/\/encuentroinformativo.com.mx\/?p=16242","title":{"rendered":"Conf\u00eda Cazar\u00edn en repetir en su curul"},"content":{"rendered":"\n<p><strong>Dar\u00edo Pale<\/strong><\/p>\n\n\n\n<p>Xalapa, Ver.- El diputado local Juan Javier G\u00f3mez Cazar\u00edn dio a conocer que espera seguir trabajando por los veracruzanos desde la legislatura, aunque tambi\u00e9n afirm\u00f3 que en caso de que no suceda, respetar\u00e1 la decisi\u00f3n de sus compa\u00f1eros porque as\u00ed es la pol\u00edtica y los puestos ah\u00ed recibidos nada es propio.<\/p>\n\n\n\n<p>Entrevistado a su arribo a Palacio de Gobierno se\u00f1al\u00f3 que lo m\u00e1s probable es que \u00e9l est\u00e9 en la pr\u00f3xima legislatura, sin embargo agreg\u00f3 que esperar\u00e1 la determinaci\u00f3n del Organismo P\u00fablico Local Electoral (OPLE) sobre las plurinominales.<\/p>\n\n\n\n<p>\u201cTodo da a indicar que nosotros vamos a estar en la pr\u00f3xima legislatura n\u00famero LXVI del Congreso Local todo encamina hacia all\u00e1\u201d, coment\u00f3.<\/p>\n\n\n\n<p>Se\u00f1al\u00f3 que tampoco la cuota de g\u00e9nero va a afectar su posici\u00f3n en la pr\u00f3xima legislatura, ya que no s\u00f3lo le toca a Morena el colocar las plurinominales, sino que los dem\u00e1s partidos tambi\u00e9n deber\u00e1n hacerlo.&nbsp;<\/p>\n\n\n\n<p>\u201cNo es como dicen que solamente Morena va a pagar con la representaci\u00f3n de las mujeres, o sea ah\u00ed entran todos los partidos, no s\u00f3lo Morena. Y hay que decirlo, Morena es el \u00fanico partido que puso a mujeres ganadoras en la elecci\u00f3n, porque los otros partidos no pusieron a candidatas ganadoras, eso quiere decir que ellos no respetaron la paridad\u201d, agreg\u00f3.<\/p>\n\n\n\n<p>Finalmente dio a conocer que el pr\u00f3ximo Congreso se va a integrar con aproximadamente cuatro o cinco plurinominales de Morena, aunque reiter\u00f3 que esa informaci\u00f3n la dar\u00e1 a conocer pr\u00f3ximamente el OPLE.<\/p>\n","protected":false},"excerpt":{"rendered":"<p>Dar\u00edo Pale Xalapa, Ver.- El diputado local Juan Javier G\u00f3mez Cazar\u00edn dio a conocer que espera seguir trabajando por los veracruzanos desde la legislatura, aunque tambi\u00e9n afirm\u00f3 que en caso de que no suceda, respetar\u00e1 la decisi\u00f3n de sus compa\u00f1eros porque as\u00ed es la pol\u00edtica y los puestos ah\u00ed recibidos nada es propio. Entrevistado a [&hellip;]<\/p>\n","protected":false},"author":2476,"featured_media":16243,"comment_status":"open","ping_status":"open","sticky":false,"template":"","format":"standard","meta":{"_jetpack_memberships_contains_paid_content":false,"footnotes":""},"categories":[2],"tags":[],"class_list":["post-16242","post","type-post","status-publish","format-standard","has-post-thumbnail","hentry","category-estado"],"jetpack_featured_media_url":"https:\/\/encuentroinformativo.com.mx\/wp-content\/uploads\/2021\/07\/Javier-Cazarin.jpg","jetpack_sharing_enabled":true,"jetpack_likes_enabled":true,"amp_enabled":true,"_links":{"self":[{"href":"https:\/\/encuentroinformativo.com.mx\/index.php?rest_route=\/wp\/v2\/posts\/16242","targetHints":{"allow":["GET"]}}],"collection":[{"href":"https:\/\/encuentroinformativo.com.mx\/index.php?rest_route=\/wp\/v2\/posts"}],"about":[{"href":"https:\/\/encuentroinformativo.com.mx\/index.php?rest_route=\/wp\/v2\/types\/post"}],"author":[{"embeddable":true,"href":"https:\/\/encuentroinformativo.com.mx\/index.php?rest_route=\/wp\/v2\/users\/2476"}],"replies":[{"embeddable":true,"href":"https:\/\/encuentroinformativo.com.mx\/index.php?rest_route=%2Fwp%2Fv2%2Fcomments&post=16242"}],"version-history":[{"count":1,"href":"https:\/\/encuentroinformativo.com.mx\/index.php?rest_route=\/wp\/v2\/posts\/16242\/revisions"}],"predecessor-version":[{"id":16244,"href":"https:\/\/encuentroinformativo.com.mx\/index.php?rest_route=\/wp\/v2\/posts\/16242\/revisions\/16244"}],"wp:featuredmedia":[{"embeddable":true,"href":"https:\/\/encuentroinformativo.com.mx\/index.php?rest_route=\/wp\/v2\/media\/16243"}],"wp:attachment":[{"href":"https:\/\/encuentroinformativo.com.mx\/index.php?rest_route=%2Fwp%2Fv2%2Fmedia&parent=16242"}],"wp:term":[{"taxonomy":"category","embeddable":true,"href":"https:\/\/encuentroinformativo.com.mx\/index.php?rest_route=%2Fwp%2Fv2%2Fcategories&post=16242"},{"taxonomy":"post_tag","embeddable":true,"href":"https:\/\/encuentroinformativo.com.mx\/index.php?rest_route=%2Fwp%2Fv2%2Ftags&post=16242"}],"curies":[{"name":"wp","href":"https:\/\/api.w.org\/{rel}","templated":true}]}}