{"id":16248,"date":"2021-07-08T19:43:41","date_gmt":"2021-07-09T00:43:41","guid":{"rendered":"https:\/\/encuentroinformativo.com.mx\/?p=16248"},"modified":"2021-07-08T19:47:06","modified_gmt":"2021-07-09T00:47:06","slug":"se-apunto-consejero-del-ine-busca-rectoria-uv","status":"publish","type":"post","link":"https:\/\/encuentroinformativo.com.mx\/?p=16248","title":{"rendered":"Se apunt\u00f3, consejero del INE busca rector\u00eda UV"},"content":{"rendered":"\n<p><strong>Juan Arcos<\/strong><\/p>\n\n\n\n<p>Xalapa, Ver.- El consejero del Instituto Nacional Electoral (INE), Jos\u00e9 Roberto Ruiz Salda\u00f1a, se inscribi\u00f3 como aspirante a la Rector\u00eda de la Universidad Veracruzana (UV).<\/p>\n\n\n\n<p>A las 16:00 horas de este jueves acudi\u00f3 a las instalaciones de la Junta de Gobierno, para entregar la documentaci\u00f3n requerida en la convocatoria.<\/p>\n\n\n\n<p>El Consejero fue acompa\u00f1ado por Mar\u00eda del Roc\u00edo Ojeda Callado, quien aspir\u00f3 a dicho cargo en el periodo pasado, cuando fue elegida Sara Ladr\u00f3n de Guevara Gonz\u00e1lez.<\/p>\n\n\n\n<p>El aspirante indic\u00f3 que lo m\u00e1s importante es dar cabida a los j\u00f3venes que desean ingresar a la m\u00e1xima casa de estudios del estado.<\/p>\n\n\n\n<p>\u201cEstamos en deuda con ellos, con ellas y va a ser muy importante atenderles y en un esfuerzo anual ir ampliando esa matr\u00edcula\u201d.<\/p>\n\n\n\n<p>Tambi\u00e9n destac\u00f3 que es necesario atender el problema de la deserci\u00f3n escolar que se ha registrado, derivado de la pandemia del SARS-COV-2 (COVID-19).<\/p>\n\n\n\n<p>Finalmente, dijo confiar en la Junta de Gobierno y descart\u00f3 tener dificultades para obtener una cita y entregar la documentaci\u00f3n correspondiente.<\/p>\n","protected":false},"excerpt":{"rendered":"<p>Juan Arcos Xalapa, Ver.- El consejero del Instituto Nacional Electoral (INE), Jos\u00e9 Roberto Ruiz Salda\u00f1a, se inscribi\u00f3 como aspirante a la Rector\u00eda de la Universidad Veracruzana (UV). A las 16:00 horas de este jueves acudi\u00f3 a las instalaciones de la Junta de Gobierno, para entregar la documentaci\u00f3n requerida en la convocatoria. El Consejero fue acompa\u00f1ado [&hellip;]<\/p>\n","protected":false},"author":2476,"featured_media":16251,"comment_status":"open","ping_status":"open","sticky":false,"template":"","format":"standard","meta":{"_jetpack_memberships_contains_paid_content":false,"footnotes":""},"categories":[2],"tags":[],"class_list":["post-16248","post","type-post","status-publish","format-standard","has-post-thumbnail","hentry","category-estado"],"jetpack_featured_media_url":"https:\/\/encuentroinformativo.com.mx\/wp-content\/uploads\/2021\/07\/FC82BACD-07A2-4D42-8B49-2DE00C76D95D.jpeg","jetpack_sharing_enabled":true,"jetpack_likes_enabled":true,"amp_enabled":true,"_links":{"self":[{"href":"https:\/\/encuentroinformativo.com.mx\/index.php?rest_route=\/wp\/v2\/posts\/16248","targetHints":{"allow":["GET"]}}],"collection":[{"href":"https:\/\/encuentroinformativo.com.mx\/index.php?rest_route=\/wp\/v2\/posts"}],"about":[{"href":"https:\/\/encuentroinformativo.com.mx\/index.php?rest_route=\/wp\/v2\/types\/post"}],"author":[{"embeddable":true,"href":"https:\/\/encuentroinformativo.com.mx\/index.php?rest_route=\/wp\/v2\/users\/2476"}],"replies":[{"embeddable":true,"href":"https:\/\/encuentroinformativo.com.mx\/index.php?rest_route=%2Fwp%2Fv2%2Fcomments&post=16248"}],"version-history":[{"count":1,"href":"https:\/\/encuentroinformativo.com.mx\/index.php?rest_route=\/wp\/v2\/posts\/16248\/revisions"}],"predecessor-version":[{"id":16250,"href":"https:\/\/encuentroinformativo.com.mx\/index.php?rest_route=\/wp\/v2\/posts\/16248\/revisions\/16250"}],"wp:featuredmedia":[{"embeddable":true,"href":"https:\/\/encuentroinformativo.com.mx\/index.php?rest_route=\/wp\/v2\/media\/16251"}],"wp:attachment":[{"href":"https:\/\/encuentroinformativo.com.mx\/index.php?rest_route=%2Fwp%2Fv2%2Fmedia&parent=16248"}],"wp:term":[{"taxonomy":"category","embeddable":true,"href":"https:\/\/encuentroinformativo.com.mx\/index.php?rest_route=%2Fwp%2Fv2%2Fcategories&post=16248"},{"taxonomy":"post_tag","embeddable":true,"href":"https:\/\/encuentroinformativo.com.mx\/index.php?rest_route=%2Fwp%2Fv2%2Ftags&post=16248"}],"curies":[{"name":"wp","href":"https:\/\/api.w.org\/{rel}","templated":true}]}}