{"id":16252,"date":"2021-07-08T20:26:49","date_gmt":"2021-07-09T01:26:49","guid":{"rendered":"https:\/\/encuentroinformativo.com.mx\/?p=16252"},"modified":"2021-07-08T20:26:53","modified_gmt":"2021-07-09T01:26:53","slug":"a-pesar-de-semaforo-rojo-no-suspenderan-conciertos-en-boca-del-rio","status":"publish","type":"post","link":"https:\/\/encuentroinformativo.com.mx\/?p=16252","title":{"rendered":"A pesar de sem\u00e1foro rojo, no suspender\u00e1n conciertos en Boca del R\u00edo"},"content":{"rendered":"\n<p><strong>Alejandro \u00c1vila<\/strong><\/p>\n\n\n\n<p>Boca del R\u00edo, Ver.- Ante la inminente &#8220;tercera ola&#8221; de contagios de COVID-19 en la entidad veracruzana, la empresa Zamora Producciones asegur\u00f3 que el cantante Christian Nodal no pospondr\u00e1 su concierto el pr\u00f3ximo 11 de noviembre en el World Trade Center de Boca del R\u00edo.<\/p>\n\n\n\n<p>La productora de <em>Monterrey<\/em> confi\u00f3 en que no avance la semaforizaci\u00f3n a naranja o rojo, en cambio s\u00ed baje a verde para la fecha de la realizaci\u00f3n del concierto; pues hasta el momento con sem\u00e1foro amarillo, como se encuentra Boca del R\u00edo el aforo permitido es del 50 por ciento, y la zona Diamante ya presenta agotadas pr\u00e1cticamente todas su localidades.<\/p>\n\n\n\n<p>El acceso al centro de convenciones, se detall\u00f3, iniciar\u00e1 a las 18 horas, pues se extremar\u00e1n las medidas sanitarias en el recinto, a fin de reducir riesgos de salud; de la misma manera, se inform\u00f3 que el evento tendr\u00e1 una duraci\u00f3n m\u00ednima de dos horas y podr\u00eda extender hasta dos horas y media.<\/p>\n\n\n\n<p>El costo de los boletos oscila entre los 500 y los 3 mil pesos, mismos que podr\u00e1n ser adquiridos en la perfumer\u00eda Le France de la Plaza Andamar, Hotel Diligencias, taquilla del World Trade Center, Bolerama Veracruz y en linea en la p\u00e1gina de&nbsp;www.arema.mx<\/p>\n","protected":false},"excerpt":{"rendered":"<p>Alejandro \u00c1vila Boca del R\u00edo, Ver.- Ante la inminente &#8220;tercera ola&#8221; de contagios de COVID-19 en la entidad veracruzana, la empresa Zamora Producciones asegur\u00f3 que el cantante Christian Nodal no pospondr\u00e1 su concierto el pr\u00f3ximo 11 de noviembre en el World Trade Center de Boca del R\u00edo. La productora de Monterrey confi\u00f3 en que no [&hellip;]<\/p>\n","protected":false},"author":2476,"featured_media":16253,"comment_status":"open","ping_status":"open","sticky":false,"template":"","format":"standard","meta":{"_jetpack_memberships_contains_paid_content":false,"footnotes":""},"categories":[2],"tags":[],"class_list":["post-16252","post","type-post","status-publish","format-standard","has-post-thumbnail","hentry","category-estado"],"jetpack_featured_media_url":"https:\/\/encuentroinformativo.com.mx\/wp-content\/uploads\/2021\/07\/concierto-.jpg","jetpack_sharing_enabled":true,"jetpack_likes_enabled":true,"amp_enabled":true,"_links":{"self":[{"href":"https:\/\/encuentroinformativo.com.mx\/index.php?rest_route=\/wp\/v2\/posts\/16252","targetHints":{"allow":["GET"]}}],"collection":[{"href":"https:\/\/encuentroinformativo.com.mx\/index.php?rest_route=\/wp\/v2\/posts"}],"about":[{"href":"https:\/\/encuentroinformativo.com.mx\/index.php?rest_route=\/wp\/v2\/types\/post"}],"author":[{"embeddable":true,"href":"https:\/\/encuentroinformativo.com.mx\/index.php?rest_route=\/wp\/v2\/users\/2476"}],"replies":[{"embeddable":true,"href":"https:\/\/encuentroinformativo.com.mx\/index.php?rest_route=%2Fwp%2Fv2%2Fcomments&post=16252"}],"version-history":[{"count":1,"href":"https:\/\/encuentroinformativo.com.mx\/index.php?rest_route=\/wp\/v2\/posts\/16252\/revisions"}],"predecessor-version":[{"id":16254,"href":"https:\/\/encuentroinformativo.com.mx\/index.php?rest_route=\/wp\/v2\/posts\/16252\/revisions\/16254"}],"wp:featuredmedia":[{"embeddable":true,"href":"https:\/\/encuentroinformativo.com.mx\/index.php?rest_route=\/wp\/v2\/media\/16253"}],"wp:attachment":[{"href":"https:\/\/encuentroinformativo.com.mx\/index.php?rest_route=%2Fwp%2Fv2%2Fmedia&parent=16252"}],"wp:term":[{"taxonomy":"category","embeddable":true,"href":"https:\/\/encuentroinformativo.com.mx\/index.php?rest_route=%2Fwp%2Fv2%2Fcategories&post=16252"},{"taxonomy":"post_tag","embeddable":true,"href":"https:\/\/encuentroinformativo.com.mx\/index.php?rest_route=%2Fwp%2Fv2%2Ftags&post=16252"}],"curies":[{"name":"wp","href":"https:\/\/api.w.org\/{rel}","templated":true}]}}