{"id":16259,"date":"2021-07-09T09:39:49","date_gmt":"2021-07-09T14:39:49","guid":{"rendered":"https:\/\/encuentroinformativo.com.mx\/?p=16259"},"modified":"2021-07-09T09:39:53","modified_gmt":"2021-07-09T14:39:53","slug":"fin-de-cursos-escolares","status":"publish","type":"post","link":"https:\/\/encuentroinformativo.com.mx\/?p=16259","title":{"rendered":"Fin de cursos escolares"},"content":{"rendered":"\n<p><strong>Los Pol\u00edticos<\/strong><\/p>\n\n\n\n<p><strong>Salvador Mu\u00f1oz<\/strong><\/p>\n\n\n\n<p>El anuncio aparece en redes sociales: \u201cSi tu hija o hijo van en Caravana de su escuela y no tienes coche \u00a1Nosotros les llevamos, gratis!\u201d y ponen un tel\u00e9fono a disposici\u00f3n de los interesados. Esto, por el fin de cursos escolares en cualesquiera de sus modalidades.<\/p>\n\n\n\n<p>Esta forma de celebraci\u00f3n inici\u00f3 con los cumplea\u00f1os en cuarentena, cuando la festejada sal\u00eda a la puerta de su casa para ver pasar a sus amigos en sus carros adornados y recibir los parabienes.<\/p>\n\n\n\n<p>En estos \u00faltimos d\u00edas, de fin de cursos escolares, de seguro ha encontrado historias conmovedoras en esas caravanas que se han estilado en las escuelas para anunciar la \u201cgraduaci\u00f3n\u201d de sus alumnos, esto, por el asunto de la pandemia, para mantener la sana distancia.<\/p>\n\n\n\n<p>Por ejemplo, est\u00e1 el caso de Santiago y su madre, que a falta de autom\u00f3vil, armaron un carro de cart\u00f3n y caminando, participaron en la caravana\u2026 de acuerdo a las noticias, esto ocurri\u00f3 en Poza Rica, ac\u00e1 en Veracruz.<\/p>\n\n\n\n<p>En Saltillo, en un evento que parece de Primaria, aparece un padre, aunque otros dicen que es el abuelo,&nbsp; en medio de una caravana de automotores, con un triciclo adornado con globos, para participar en la celebraci\u00f3n de graduaci\u00f3n\u2026 tanto para el caso anterior como \u00e9ste, se ponder\u00f3 el papel de madres y padres que hacen todo por sus hijos\u2026<\/p>\n\n\n\n<p>En Durango, aun con lluvias y anegamientos, el pap\u00e1 de El\u00edas igual adorn\u00f3 su triciclo para que la graduaci\u00f3n de su hijo no pasara desapercibida. Al final, tras dar a conocer el suceso, contactaron al padre y al hijo para ofrecerles un viaje en limosina.<\/p>\n\n\n\n<p>En An\u00e1huac, Nuevo Le\u00f3n, el peque\u00f1o Santiago en su carro de juguete particip\u00f3 en la caravana en la fiesta de graduaci\u00f3n.<\/p>\n\n\n\n<p>El doctor Jorge Collazo, que sepa de d\u00f3nde es, se hizo famoso por acudir al llamado de las redes sociales cuando se dio a conocer el caso de Sof\u00eda y su madre, que estaban a pie en medio de una caravana. A los cinco minutos se hizo presente con todo y carro adornado.<\/p>\n\n\n\n<p>Creo que la mayor\u00eda comparte que todas y cada una de estas historias son impactantes pero que ubican a sus organizadores como absurdos\u2026 pareciera que maestros, directores, escuela, o padres y madres, dan por hecho que todas y cada una de las familias de los ni\u00f1os tienen veh\u00edculo.<\/p>\n\n\n\n<p>No es el \u00fanico caso\u2026 Ahora que tuve al sobrhijo en casa, descubrimos el universo que representa cada uno de los alumnos\u2026 el que se queda solo en su casa; el que se queda con los abuelos; con la abuela; el que est\u00e1 con la madre o el padre, pero que por estar atendiendo el trabajo, es como si estuviera solo. Aqu\u00e9l que tiene que esperar a su madre o padre hasta la noche para ser apoyado en las tareas encargadas; aqu\u00e9l que apagaba la c\u00e1mara ante el rega\u00f1o de la maestra; aqu\u00e9l que no puede imprimir porque la abuela o abuelo no entienden el entramado electr\u00f3nico; el que se enlaza por celular y se desconecta porque la mami tuvo una llamada, etc\u00e9tera y etc\u00e9tera.<\/p>\n\n\n\n<p>Vivimos el D\u00eda de las Madres\u2026 \u00bfsab\u00edan que hay ni\u00f1os que no tienen mami? Vivimos el D\u00eda de los Padres\u2026 \u00bfsab\u00edan que hay ni\u00f1os que no tienen papi? Las familias en las escuelas a\u00fan son consideradas como \u201ccl\u00e1sicas\u201d: Pap\u00e1, mam\u00e1 e hijos. Para algunas escuelas (si no es que todas) parece que no existen las diversas variantes que las circunstancias han generado: mam\u00e1, abuelos, hijos; pap\u00e1 e hijos; abuela y nietos; Hermanos y hermanitos; y los que se les ocurran\u2026<\/p>\n\n\n\n<p>\u00bfSe ponen a pensar en el predicamento que ponen a un ni\u00f1o o ni\u00f1a que no tiene carro, recursos econ\u00f3micos o siendo m\u00e1s dram\u00e1ticos, padre o madre?<\/p>\n\n\n\n<p>Si bien la sana distancia igual pudo haber distanciado a los maestros de sus alumnos para conocer un poco m\u00e1s sus circunstancias, eso no debe dar lugar para ver a todos los ni\u00f1os como iguales en un ideal econ\u00f3mico y familiar\u2026 ni tampoco los otros pap\u00e1s y mam\u00e1s\u2026<\/p>\n\n\n\n<p>Las historias de padres y madres que hacen todo por sus hijos son impactantes, pero maestros, directores, escuelas y tambi\u00e9n los otros padres y madres deben poner los pies en la tierra o bien, en los zapatos de aqu\u00e9llos que es posible que tener a su hijo en un plantel escolar, sea un aut\u00e9ntico sacrificio que en este fin de cursos nos dejan historias conmovedoras romantizando la desigualdad.<\/p>\n\n\n\n<p><a href=\"mailto:smcainito@gmail.com\" target=\"_blank\" rel=\"noreferrer noopener\">smcainito@gmail.com<\/a><\/p>\n","protected":false},"excerpt":{"rendered":"<p>Los Pol\u00edticos Salvador Mu\u00f1oz El anuncio aparece en redes sociales: \u201cSi tu hija o hijo van en Caravana de su escuela y no tienes coche \u00a1Nosotros les llevamos, gratis!\u201d y ponen un tel\u00e9fono a disposici\u00f3n de los interesados. Esto, por el fin de cursos escolares en cualesquiera de sus modalidades. Esta forma de celebraci\u00f3n inici\u00f3 [&hellip;]<\/p>\n","protected":false},"author":1,"featured_media":70,"comment_status":"open","ping_status":"open","sticky":false,"template":"","format":"standard","meta":{"_jetpack_memberships_contains_paid_content":false,"footnotes":""},"categories":[11],"tags":[],"class_list":["post-16259","post","type-post","status-publish","format-standard","has-post-thumbnail","hentry","category-opinion"],"jetpack_featured_media_url":"https:\/\/encuentroinformativo.com.mx\/wp-content\/uploads\/2020\/02\/opinion-invitado.jpg","jetpack_sharing_enabled":true,"jetpack_likes_enabled":true,"amp_enabled":true,"_links":{"self":[{"href":"https:\/\/encuentroinformativo.com.mx\/index.php?rest_route=\/wp\/v2\/posts\/16259","targetHints":{"allow":["GET"]}}],"collection":[{"href":"https:\/\/encuentroinformativo.com.mx\/index.php?rest_route=\/wp\/v2\/posts"}],"about":[{"href":"https:\/\/encuentroinformativo.com.mx\/index.php?rest_route=\/wp\/v2\/types\/post"}],"author":[{"embeddable":true,"href":"https:\/\/encuentroinformativo.com.mx\/index.php?rest_route=\/wp\/v2\/users\/1"}],"replies":[{"embeddable":true,"href":"https:\/\/encuentroinformativo.com.mx\/index.php?rest_route=%2Fwp%2Fv2%2Fcomments&post=16259"}],"version-history":[{"count":1,"href":"https:\/\/encuentroinformativo.com.mx\/index.php?rest_route=\/wp\/v2\/posts\/16259\/revisions"}],"predecessor-version":[{"id":16260,"href":"https:\/\/encuentroinformativo.com.mx\/index.php?rest_route=\/wp\/v2\/posts\/16259\/revisions\/16260"}],"wp:featuredmedia":[{"embeddable":true,"href":"https:\/\/encuentroinformativo.com.mx\/index.php?rest_route=\/wp\/v2\/media\/70"}],"wp:attachment":[{"href":"https:\/\/encuentroinformativo.com.mx\/index.php?rest_route=%2Fwp%2Fv2%2Fmedia&parent=16259"}],"wp:term":[{"taxonomy":"category","embeddable":true,"href":"https:\/\/encuentroinformativo.com.mx\/index.php?rest_route=%2Fwp%2Fv2%2Fcategories&post=16259"},{"taxonomy":"post_tag","embeddable":true,"href":"https:\/\/encuentroinformativo.com.mx\/index.php?rest_route=%2Fwp%2Fv2%2Ftags&post=16259"}],"curies":[{"name":"wp","href":"https:\/\/api.w.org\/{rel}","templated":true}]}}