{"id":16261,"date":"2021-07-09T09:43:32","date_gmt":"2021-07-09T14:43:32","guid":{"rendered":"https:\/\/encuentroinformativo.com.mx\/?p=16261"},"modified":"2021-07-09T09:43:37","modified_gmt":"2021-07-09T14:43:37","slug":"taxista-con-parkinson","status":"publish","type":"post","link":"https:\/\/encuentroinformativo.com.mx\/?p=16261","title":{"rendered":"\u00bfTAXISTA CON P\u00c1RKINSON?"},"content":{"rendered":"\n<p><strong>@pablojair<\/strong><\/p>\n\n\n\n<ul class=\"wp-block-list\"><li>Otro que se le pela a la gente de Licha.<\/li><li>Viene otra vez AMLO al puerto.<\/li><li>Nueva antena de RTV en La Perla.<\/li><\/ul>\n\n\n\n<p>Y que se nos va el maestrazo Alfonso Zayas, chingao.<br>\u2014Chopenjawer fan de la Sasha Montenegro<\/p>\n\n\n\n<p>Este mi\u00e9rcoles, luego de una inmejorable compa\u00f1\u00eda, caf\u00e9, alitas y tiras de pollo, abord\u00e9 un taxi a casa pero llam\u00f3 la atenci\u00f3n la manera en que manejaba el chofer: pitando el claxon de manera constante y frenando a cada rato. Parec\u00eda que no pod\u00eda ver bien de noche y su rostro estaba muy cerca del parabrisas.<\/p>\n\n\n\n<p>La verdad que de mal pensado cre\u00ed que el conductor ven\u00eda borracho o drogado; para llegar del centro de Xalapa a la salida a Coatepec fue todo un paseo por calles aleda\u00f1as a Los Lagos.<\/p>\n\n\n\n<p>\u201cEs que no soy de aqu\u00ed, jefe\u2026 Bueno s\u00ed soy\u2026 Pero tengo 40 a\u00f1os fuera de aqu\u00ed\u201d, me comenta cuando ve que ya andaba en calles que ni al caso con la ruta.<\/p>\n\n\n\n<p>Por la carretera hacia Coatepec nos fuimos como a 40 y con la misma din\u00e1mica: freno-toco claxon-freno-toco claxon. Un recorrido de 5 u ocho minutos, se hizo como de quince.<\/p>\n\n\n\n<p>Casi llegando al pueblo m\u00e1gico pienso que a lo mejor es de esas personas que no ve bien de noche y por eso tom\u00f3 sus precauciones para conducir despacio y pitarle a todo lo que se moviera. Cuando me entrega el cambio de la corrida, prendi\u00f3 la luz interior y se le ven problemas f\u00edsicos: temblores en las manos, gestos incontrolados, movimientos err\u00e1ticos del cuerpo.<\/p>\n\n\n\n<p>La verdad, por respeto, no le pregunt\u00e9 qu\u00e9 padec\u00eda. S\u00f3lo si se sent\u00eda bien y pod\u00eda conducir de regreso, a lo que dijo que s\u00ed. Tampoco me voy a quejar: busca la chuleta como todos y fue muy precavido para manejar.<\/p>\n\n\n\n<p>Lo anterior me dej\u00f3 pensando si el conductor estaba apto para manejar una unidad de transporte p\u00fablico. Es obvio que una persona con discapacidad tendr\u00eda problemas para controlar un veh\u00edculo, aunque hay historias de \u00e9xito que demuestran lo contrario.<\/p>\n\n\n\n<p>No obstante, creo que de todas maneras es un riesgo y deber\u00eda regularizarse esa situaci\u00f3n.<\/p>\n\n\n\n<p>Anteriormente exist\u00eda un Registro Estatal de Conductores: un programa que permit\u00eda una revisi\u00f3n constante a los choferes de las unidades de transporte p\u00fablico para saber si estaban aptos, si ten\u00edan antecedentes, etc. Fue creado en los tiempos del Duartismo, pero desapareci\u00f3 en el mini-yunismo por aquello de que quer\u00edan borrar todo vestigio del anterior r\u00e9gimen.<\/p>\n\n\n\n<p>A\u00f1os m\u00e1s atr\u00e1s (si no mal recuerdo, comenz\u00f3 con el Alemanismo) incluso hab\u00eda un sistema de tarjet\u00f3n que era para controlar el tr\u00e1fico en Xalapa y Coatepec, a donde los taxistas estaban obligados a parar en un ret\u00e9n para revisar tanto al pasajero como al operador. Ese mismo tarjet\u00f3n se colocaba en una parte visible del auto para que as\u00ed el usuario pudiera verificar la identidad del conductor.<\/p>\n\n\n\n<p>Hay poqu\u00edsimos casos donde se ha visto una mejora en el transporte p\u00fablico. Recientemente, con la pandemia, algunos taxis han implementado acr\u00edlicos para mantener el pasaje separado del conductor. Otros decidieron usar plataformas digitales para evitar el uso de efectivo, pero la gran mayor\u00eda siguen estando al margen de querer mejorar.<\/p>\n\n\n\n<p>Unidades viejas, obsoletas, sucias (los Tsuru son veh\u00edculos que ya ni se fabrican, pero los siguen utilizando); renuencia a los pagos electr\u00f3nicos o transferencias (en varios viajes, s\u00f3lo me ha tocado una sola unidad con este servicio). Lo peor es la protecci\u00f3n oficial exagerada para no permitir la entrada de servicios como Uber o siquiera para obligarlos a tener nuevas unidades.<\/p>\n\n\n\n<p>Pero no s\u00f3lo son los taxis: basta pararse en una estaci\u00f3n de autobuses para ver que Xalapa tiene todav\u00eda camiones del a\u00f1o del caldo para la movilizaci\u00f3n de miles de habitantes.<\/p>\n\n\n\n<p>Y no hay que pensarle mucho: es una asociaci\u00f3n enfermiza entre el pulpo transportista y el poder pol\u00edtico donde se \u201cayudan\u201d de manera convenenciera dejando en medio a los usuarios. El benepl\u00e1cito de la autoridad al transporte p\u00fablico en verdad que ha sido demasiado, excesivo.<\/p>\n\n\n\n<p>En este sentido, se supone que proyectos como el tren ligero de Xalapa ser\u00edan la alternativa, pero cada vez parece un sue\u00f1o m\u00e1s lejano y no por falta de voluntad, sino porque hubo otros asuntos qu\u00e9 atender de manera prioritaria como el coronavirus y el desastre financiero arrastrado desde hace por lo menos 15 a\u00f1os.<\/p>\n\n\n\n<p>Lo que s\u00ed podr\u00eda ser un buen paso es que se vaya encarrilando a las unidades no s\u00f3lo con cumplir con sanear sus unidades (ya ser\u00eda el colmo que no se hiciese en plena pandemia), sino que tambi\u00e9n exista la certeza de qui\u00e9nes est\u00e1n tras el volante y si est\u00e1n capacitados para ello. S\u00f3lo basta recordar que en Xalapa y Coatzacoalcos \u2014por citar algunos casos\u2014 se han detectado que son taxistas los que participan en il\u00edcitos.<\/p>\n\n\n\n<p>Ser\u00eda bueno que se dejara de ser tan permisivos y consentidores con el transporte p\u00fablico, porque es un problema que tiene m\u00e1s a\u00f1os arrastr\u00e1ndose \u2014incluso, creo, peor que el financiero\u2014 y que tambi\u00e9n podr\u00eda ir creciendo como una carga muy pesada en el futuro, igual que las deudas presentes del estado.<\/p>\n\n\n\n<p><strong>NOTA PARA PEGAR EN EL REFRI: Q<\/strong>ue as\u00ed como se les escap\u00f3 un reo peligroso a polic\u00edas de Seguridad P\u00fablica en Coatzacoalcos hace unos d\u00edas (al que hasta hace pocas horas no hab\u00edan podido capturar de nuevo) resulta que ya tambi\u00e9n se les escap\u00f3 otro. Se trata de un tal Israel Jonathan Qechulpa Choncoa, quien se les fug\u00f3 a polic\u00edas estatales en los separos de una comunidad llamada La Quinta, en el municipio de Zongolica, este jueves\u2026 \u00bfPos qu\u00e9 se traen que andan tan salados con los detenidos?<\/p>\n\n\n\n<p><strong>OTRA NOTA: <\/strong>Que a finales de mes est\u00e1 programada otra visita del presidente Andr\u00e9s Manuel L\u00f3pez Obrador para el puerto de Veracruz\u2026 Seguramente le informar\u00e1n (y reir\u00e1 para sus adentros) sobre c\u00f3mo va el asunto de la Torre que, as\u00ed como no queriendo la cosa, mand\u00f3 a cancelar para arruinarle el negocito a los can\u00f3filos aferrados al hueso.<\/p>\n\n\n\n<p><strong>LA \u00daLTIMA PORQUE ES VIEEEERNEEES: <\/strong>La otra semana (tentativamente el lunes) habr\u00e1 anuncios muy buenos para RadioTelevisi\u00f3n de Veracruz, donde se firmar\u00e1 el convenio con la empresa alemana que instalar\u00e1 la antena para la digitalizaci\u00f3n de la se\u00f1al en La Perla, uno de los pendientes que hab\u00eda para RTV. Enhorabuena.<\/p>\n","protected":false},"excerpt":{"rendered":"<p>@pablojair Otro que se le pela a la gente de Licha. Viene otra vez AMLO al puerto. Nueva antena de RTV en La Perla. Y que se nos va el maestrazo Alfonso Zayas, chingao.\u2014Chopenjawer fan de la Sasha Montenegro Este mi\u00e9rcoles, luego de una inmejorable compa\u00f1\u00eda, caf\u00e9, alitas y tiras de pollo, abord\u00e9 un taxi [&hellip;]<\/p>\n","protected":false},"author":1,"featured_media":488,"comment_status":"open","ping_status":"open","sticky":false,"template":"","format":"standard","meta":{"_jetpack_memberships_contains_paid_content":false,"footnotes":""},"categories":[11],"tags":[],"class_list":["post-16261","post","type-post","status-publish","format-standard","has-post-thumbnail","hentry","category-opinion"],"jetpack_featured_media_url":"https:\/\/encuentroinformativo.com.mx\/wp-content\/uploads\/2020\/03\/F471F608-BA1A-416B-BA7B-BCFB24F4E6D0.jpeg","jetpack_sharing_enabled":true,"jetpack_likes_enabled":true,"amp_enabled":true,"_links":{"self":[{"href":"https:\/\/encuentroinformativo.com.mx\/index.php?rest_route=\/wp\/v2\/posts\/16261","targetHints":{"allow":["GET"]}}],"collection":[{"href":"https:\/\/encuentroinformativo.com.mx\/index.php?rest_route=\/wp\/v2\/posts"}],"about":[{"href":"https:\/\/encuentroinformativo.com.mx\/index.php?rest_route=\/wp\/v2\/types\/post"}],"author":[{"embeddable":true,"href":"https:\/\/encuentroinformativo.com.mx\/index.php?rest_route=\/wp\/v2\/users\/1"}],"replies":[{"embeddable":true,"href":"https:\/\/encuentroinformativo.com.mx\/index.php?rest_route=%2Fwp%2Fv2%2Fcomments&post=16261"}],"version-history":[{"count":1,"href":"https:\/\/encuentroinformativo.com.mx\/index.php?rest_route=\/wp\/v2\/posts\/16261\/revisions"}],"predecessor-version":[{"id":16262,"href":"https:\/\/encuentroinformativo.com.mx\/index.php?rest_route=\/wp\/v2\/posts\/16261\/revisions\/16262"}],"wp:featuredmedia":[{"embeddable":true,"href":"https:\/\/encuentroinformativo.com.mx\/index.php?rest_route=\/wp\/v2\/media\/488"}],"wp:attachment":[{"href":"https:\/\/encuentroinformativo.com.mx\/index.php?rest_route=%2Fwp%2Fv2%2Fmedia&parent=16261"}],"wp:term":[{"taxonomy":"category","embeddable":true,"href":"https:\/\/encuentroinformativo.com.mx\/index.php?rest_route=%2Fwp%2Fv2%2Fcategories&post=16261"},{"taxonomy":"post_tag","embeddable":true,"href":"https:\/\/encuentroinformativo.com.mx\/index.php?rest_route=%2Fwp%2Fv2%2Ftags&post=16261"}],"curies":[{"name":"wp","href":"https:\/\/api.w.org\/{rel}","templated":true}]}}