{"id":16263,"date":"2021-07-09T10:05:22","date_gmt":"2021-07-09T15:05:22","guid":{"rendered":"https:\/\/encuentroinformativo.com.mx\/?p=16263"},"modified":"2021-07-09T10:05:25","modified_gmt":"2021-07-09T15:05:25","slug":"embajadora-de-colombia-visitara-veracruz-puerto-este-fin-de-semana","status":"publish","type":"post","link":"https:\/\/encuentroinformativo.com.mx\/?p=16263","title":{"rendered":"Embajadora de Colombia visitar\u00e1 Veracruz puerto este fin de semana"},"content":{"rendered":"\n<p><strong>*Cortar\u00e1 list\u00f3n de exposici\u00f3n fotogr\u00e1fica de Hugo Garrido<\/strong>.<br><strong>*El s\u00e1bado dar\u00e1 la bienvenida al Buque Escuela \u201cARC Gloria\u201d.<\/strong><\/p>\n\n\n\n<p><strong>Alejandro \u00c1vila<\/strong><\/p>\n\n\n\n<p>Veracruz, Ver. \u2013 La Embajadora de Colombia en M\u00e9xico, Patricia Eugenia C\u00e1rdenas Santa Mar\u00eda, estar\u00e1 este fin de semana en la ciudad de Veracruz donde, entre otras cosas, ser\u00e1 la invitada especial en la inauguraci\u00f3n de la exposici\u00f3n \u201cVeracruz Para Llevar\u201d del fotoperiodista, Hugo Garrido, donde ser\u00e1 la encargada de cortar el list\u00f3n, este viernes a las 19:30 horas.<\/p>\n\n\n\n<p>La exposici\u00f3n estar\u00e1 disponible para su apreciaci\u00f3n del 9 de julio al 30 de agosto en el Recinto de la Reforma, donde se podr\u00e1n apreciar 22 im\u00e1genes de los lugares m\u00e1s tradicionales de la ciudad de Veracruz, entre los que destaca el Z\u00f3calo, Malec\u00f3n, Isla de Sacrificios, bulevar, Baluarte de Santiago, entre otros.<\/p>\n\n\n\n<p>La diplom\u00e1tica, quien cumpli\u00f3 este mismo encargo en pa\u00edses como, Jap\u00f3n, Brasil, Singapur, Nueva Zelanda y Australia, recibir\u00e1 el s\u00e1bado 10 de julio a los tripulantes del \u201cARC Gloria\u201d, buque insignia de la Academia Naval colombiana.<\/p>\n\n\n\n<p>\u201cTambi\u00e9n viene el 10 de julio, viene a recibir al Barco Escuela \u2018Gloria\u2019 de Colombia, el cual es un Buque de la Escuela Naval de Colombia, que recorre varios puertos del mundo\u201d, declar\u00f3 Jos\u00e9 Antonio Salvatori Arjona, director de Turismo del Ayuntamiento de Veracruz.<\/p>\n\n\n\n<p>Aprovechando la presencia de la tambi\u00e9n empresaria e ingeniera de profesi\u00f3n, se buscar\u00e1 realizar alg\u00fan intercambio cultural con el pa\u00eds Sudamericano, sobre todo por la estrecha relaci\u00f3n que se tiene con Cartagena de Indias, ya que ambas ciudades fueron pilares del comercio y la navegaci\u00f3n, por lo cual fueron fortificadas y amuralladas, por lo que gozan de una estructura similar.<\/p>\n\n\n\n<p>\u201cLa idea es que conozcan tambi\u00e9n nuestra cultura, como tambi\u00e9n nosotros conocer algunas exposiciones importantes que se est\u00e9n llevando a cabo en Colombia y que se puedan traer a los diferentes centros hist\u00f3ricos que tenemos aqu\u00ed en el municipio de Veracruz\u201d, culmin\u00f3.<br>\u00a0<\/p>\n","protected":false},"excerpt":{"rendered":"<p>*Cortar\u00e1 list\u00f3n de exposici\u00f3n fotogr\u00e1fica de Hugo Garrido.*El s\u00e1bado dar\u00e1 la bienvenida al Buque Escuela \u201cARC Gloria\u201d. Alejandro \u00c1vila Veracruz, Ver. \u2013 La Embajadora de Colombia en M\u00e9xico, Patricia Eugenia C\u00e1rdenas Santa Mar\u00eda, estar\u00e1 este fin de semana en la ciudad de Veracruz donde, entre otras cosas, ser\u00e1 la invitada especial en la inauguraci\u00f3n de [&hellip;]<\/p>\n","protected":false},"author":1,"featured_media":16264,"comment_status":"open","ping_status":"open","sticky":false,"template":"","format":"standard","meta":{"_jetpack_memberships_contains_paid_content":false,"footnotes":""},"categories":[2],"tags":[],"class_list":["post-16263","post","type-post","status-publish","format-standard","has-post-thumbnail","hentry","category-estado"],"jetpack_featured_media_url":"https:\/\/encuentroinformativo.com.mx\/wp-content\/uploads\/2021\/07\/C3CCCD3D-86CB-4D04-AA3F-BFC2339E0BEA.jpeg","jetpack_sharing_enabled":true,"jetpack_likes_enabled":true,"amp_enabled":true,"_links":{"self":[{"href":"https:\/\/encuentroinformativo.com.mx\/index.php?rest_route=\/wp\/v2\/posts\/16263","targetHints":{"allow":["GET"]}}],"collection":[{"href":"https:\/\/encuentroinformativo.com.mx\/index.php?rest_route=\/wp\/v2\/posts"}],"about":[{"href":"https:\/\/encuentroinformativo.com.mx\/index.php?rest_route=\/wp\/v2\/types\/post"}],"author":[{"embeddable":true,"href":"https:\/\/encuentroinformativo.com.mx\/index.php?rest_route=\/wp\/v2\/users\/1"}],"replies":[{"embeddable":true,"href":"https:\/\/encuentroinformativo.com.mx\/index.php?rest_route=%2Fwp%2Fv2%2Fcomments&post=16263"}],"version-history":[{"count":1,"href":"https:\/\/encuentroinformativo.com.mx\/index.php?rest_route=\/wp\/v2\/posts\/16263\/revisions"}],"predecessor-version":[{"id":16265,"href":"https:\/\/encuentroinformativo.com.mx\/index.php?rest_route=\/wp\/v2\/posts\/16263\/revisions\/16265"}],"wp:featuredmedia":[{"embeddable":true,"href":"https:\/\/encuentroinformativo.com.mx\/index.php?rest_route=\/wp\/v2\/media\/16264"}],"wp:attachment":[{"href":"https:\/\/encuentroinformativo.com.mx\/index.php?rest_route=%2Fwp%2Fv2%2Fmedia&parent=16263"}],"wp:term":[{"taxonomy":"category","embeddable":true,"href":"https:\/\/encuentroinformativo.com.mx\/index.php?rest_route=%2Fwp%2Fv2%2Fcategories&post=16263"},{"taxonomy":"post_tag","embeddable":true,"href":"https:\/\/encuentroinformativo.com.mx\/index.php?rest_route=%2Fwp%2Fv2%2Ftags&post=16263"}],"curies":[{"name":"wp","href":"https:\/\/api.w.org\/{rel}","templated":true}]}}