{"id":16266,"date":"2021-07-09T10:10:44","date_gmt":"2021-07-09T15:10:44","guid":{"rendered":"https:\/\/encuentroinformativo.com.mx\/?p=16266"},"modified":"2021-07-09T10:10:50","modified_gmt":"2021-07-09T15:10:50","slug":"atletico-veracruz-no-utilizara-el-estadio-pirata-de-la-fuente","status":"publish","type":"post","link":"https:\/\/encuentroinformativo.com.mx\/?p=16266","title":{"rendered":"Atl\u00e9tico Veracruz no utilizar\u00e1 el estadio \u201cPirata\u201d de la Fuente"},"content":{"rendered":"\n<p><strong>Alejandro \u00c1vila<\/strong><\/p>\n\n\n\n<p>Veracruz, Ver. \u2013 A pesar de que el Juzgado Tercero de Distrito con sede en Boca del R\u00edo, resolvi\u00f3 en el expediente 683\/202 el pasado 25 de junio del presente a\u00f1o que, el Club Atl\u00e9tico Veracruz podr\u00eda utilizar el estadio Luis \u201cPirata\u201d de la Fuente de forma provisional, el resolutivo lleg\u00f3 muy tarde, asegur\u00f3 su presidenta, Ana Mar\u00eda Mac\u00edas Ju\u00e1rez, por lo que no har\u00e1n efectiva la opci\u00f3n por el momento.<\/p>\n\n\n\n<p>La empresaria record\u00f3 que dicha solicitud que ahora fue aprobada se hizo a inicios del 2020, cuando el equipo a su cargo Atl\u00e9tico Veracruz \u201cLos Piratas\u201d iban a ingresar a la novel Liga de Balompi\u00e9; incluso lograron jugar unos partidos en el estadio Luis \u201cPirata\u201d de la Fuente, pero por la disputa legal que hay entre Fidel Kuri Grajales y Gobierno del Estado, tuvieron que buscar una sede alterna para no afectar el proceso penal.<\/p>\n\n\n\n<p>En ese sentido, la presidenta del equipo veracruzano dijo que por el momento no ejercer\u00e1n la opci\u00f3n que les acaba de otorgar el Juez para poder utilizar el inmueble; y coment\u00f3 que sus categor\u00edas infantiles entrenan en las canchas del Colegio La Salle, aunque contin\u00faan intentando lograr que la Federaci\u00f3n Mexicana de Futbol les avale comprar una franquicia para la Liga de Expansi\u00f3n \u201c(Liga) Premier, puede ser que nos den el aval ya en este mes, en el siguiente, y mientras seguimos trabajando con los Centros de Formaci\u00f3n, ahorita ya estamos compitiendo en la nacional, con los j\u00f3venes de 16 \u2013 17 a\u00f1os, la verdad han conseguido grandes cosas los j\u00f3venes veracruzanos, y terminamos las escuelas de formaci\u00f3n desde chiquitines, desde los 6 a\u00f1os, en donde empieza lo que es el ciclo de formaci\u00f3n hasta los 12 a\u00f1os, y despu\u00e9s ya viene la competici\u00f3n. Ahorita ya queremos esperar a que la Federaci\u00f3n nos defina si s\u00ed este a\u00f1o, y sino pues el pr\u00f3ximo a\u00f1o, yo siempre voy a tratar de traer el deporte de manera sana y competitiva para Veracruz\u201d, remat\u00f3.<br>\u00a0<br>\u00a0<\/p>\n","protected":false},"excerpt":{"rendered":"<p>Alejandro \u00c1vila Veracruz, Ver. \u2013 A pesar de que el Juzgado Tercero de Distrito con sede en Boca del R\u00edo, resolvi\u00f3 en el expediente 683\/202 el pasado 25 de junio del presente a\u00f1o que, el Club Atl\u00e9tico Veracruz podr\u00eda utilizar el estadio Luis \u201cPirata\u201d de la Fuente de forma provisional, el resolutivo lleg\u00f3 muy tarde, [&hellip;]<\/p>\n","protected":false},"author":1,"featured_media":16267,"comment_status":"open","ping_status":"open","sticky":false,"template":"","format":"standard","meta":{"_jetpack_memberships_contains_paid_content":false,"footnotes":""},"categories":[2],"tags":[],"class_list":["post-16266","post","type-post","status-publish","format-standard","has-post-thumbnail","hentry","category-estado"],"jetpack_featured_media_url":"https:\/\/encuentroinformativo.com.mx\/wp-content\/uploads\/2021\/07\/2B129E78-6C75-4CF0-9221-E612D02DDCC4.jpeg","jetpack_sharing_enabled":true,"jetpack_likes_enabled":true,"amp_enabled":true,"_links":{"self":[{"href":"https:\/\/encuentroinformativo.com.mx\/index.php?rest_route=\/wp\/v2\/posts\/16266","targetHints":{"allow":["GET"]}}],"collection":[{"href":"https:\/\/encuentroinformativo.com.mx\/index.php?rest_route=\/wp\/v2\/posts"}],"about":[{"href":"https:\/\/encuentroinformativo.com.mx\/index.php?rest_route=\/wp\/v2\/types\/post"}],"author":[{"embeddable":true,"href":"https:\/\/encuentroinformativo.com.mx\/index.php?rest_route=\/wp\/v2\/users\/1"}],"replies":[{"embeddable":true,"href":"https:\/\/encuentroinformativo.com.mx\/index.php?rest_route=%2Fwp%2Fv2%2Fcomments&post=16266"}],"version-history":[{"count":1,"href":"https:\/\/encuentroinformativo.com.mx\/index.php?rest_route=\/wp\/v2\/posts\/16266\/revisions"}],"predecessor-version":[{"id":16268,"href":"https:\/\/encuentroinformativo.com.mx\/index.php?rest_route=\/wp\/v2\/posts\/16266\/revisions\/16268"}],"wp:featuredmedia":[{"embeddable":true,"href":"https:\/\/encuentroinformativo.com.mx\/index.php?rest_route=\/wp\/v2\/media\/16267"}],"wp:attachment":[{"href":"https:\/\/encuentroinformativo.com.mx\/index.php?rest_route=%2Fwp%2Fv2%2Fmedia&parent=16266"}],"wp:term":[{"taxonomy":"category","embeddable":true,"href":"https:\/\/encuentroinformativo.com.mx\/index.php?rest_route=%2Fwp%2Fv2%2Fcategories&post=16266"},{"taxonomy":"post_tag","embeddable":true,"href":"https:\/\/encuentroinformativo.com.mx\/index.php?rest_route=%2Fwp%2Fv2%2Ftags&post=16266"}],"curies":[{"name":"wp","href":"https:\/\/api.w.org\/{rel}","templated":true}]}}