{"id":16269,"date":"2021-07-09T10:19:51","date_gmt":"2021-07-09T15:19:51","guid":{"rendered":"https:\/\/encuentroinformativo.com.mx\/?p=16269"},"modified":"2021-07-09T10:19:56","modified_gmt":"2021-07-09T15:19:56","slug":"familiares-de-luz-edith-siguen-pidiendo-ayuda-para-localizarla","status":"publish","type":"post","link":"https:\/\/encuentroinformativo.com.mx\/?p=16269","title":{"rendered":"Familiares de Luz Edith siguen pidiendo ayuda para localizarla"},"content":{"rendered":"\n<p><strong>Alejandro \u00c1vila<\/strong><\/p>\n\n\n\n<p>Veracruz, Ver. \u2013 La se\u00f1ora Yolanda Silvia Mu\u00f1oz Castillo, envi\u00f3 un video donde solicita nuevamente el apoyo del gobernador, Cuitl\u00e1huac Garc\u00eda Jim\u00e9nez, para que se logre localizar a su hija Luz Edith Acevedo P\u00e9rez, desaparecida desde el pasado 21 de junio.<\/p>\n\n\n\n<p>Cabe recordar que la joven desaparecida era abogada y asesora legal de la alcaldesa de Magdalena, Fortunata Zepagua Tequihuatle; misma que presuntamente habr\u00eda recibido amenazas en d\u00edas posteriores a la desaparici\u00f3n de la mujer, que se acompa\u00f1aba de Julio Cesar Lara Mart\u00ednez, tambi\u00e9n desaparecido.<\/p>\n\n\n\n<p>La joven quien vive en la localidad de Jalapilla del municipio de Rafael Delgado, acudi\u00f3 el pasado 21 de junio al Palacio Municipal de Magdalena a una reuni\u00f3n de trabajo con la alcaldesa, aunque esta no se present\u00f3 al lugar por motivos personales, pero Luz Edith ya no regres\u00f3 a casa.<\/p>\n\n\n\n<p>\u201cUna vez m\u00e1s me dirijo a solicitar el apoyo del Gobernador, ingeniero Cuitl\u00e1huac Garc\u00eda, para localizar a mi hija Luz Edith Acevedo P\u00e9rez, ya que han transcurrido 18 d\u00edas y no tengo noticias de ella. Me dirijo a usted, con el coraz\u00f3n en la mano, como madres, hijas, abuelas, padres, me apoyen a difundir este video\u201d, mencion\u00f3.<\/p>\n\n\n\n<p>La madre de la joven, hab\u00eda declarado en d\u00edas anteriores, que su hija le coment\u00f3 la alcaldesa hab\u00eda recibido amenazas, de una persona desconocida, quien le inform\u00f3 que algo le podr\u00eda suceder a ella o a algunos de sus colaboradores.<\/p>\n\n\n\n<p>Aunque la Comisi\u00f3n de B\u00fasqueda del Estado de Veracruz ya emiti\u00f3 la alerta, la Fiscal\u00eda General del Estado a\u00fan no ha presentado avances en la investigaci\u00f3n, motivo por el cual su madre pide ayuda de la m\u00e1xima autoridad estatal para acelerar los procesos y den con su hija.<br>\u00a0<\/p>\n","protected":false},"excerpt":{"rendered":"<p>Alejandro \u00c1vila Veracruz, Ver. \u2013 La se\u00f1ora Yolanda Silvia Mu\u00f1oz Castillo, envi\u00f3 un video donde solicita nuevamente el apoyo del gobernador, Cuitl\u00e1huac Garc\u00eda Jim\u00e9nez, para que se logre localizar a su hija Luz Edith Acevedo P\u00e9rez, desaparecida desde el pasado 21 de junio. Cabe recordar que la joven desaparecida era abogada y asesora legal de [&hellip;]<\/p>\n","protected":false},"author":1,"featured_media":16270,"comment_status":"open","ping_status":"open","sticky":false,"template":"","format":"standard","meta":{"_jetpack_memberships_contains_paid_content":false,"footnotes":""},"categories":[2],"tags":[],"class_list":["post-16269","post","type-post","status-publish","format-standard","has-post-thumbnail","hentry","category-estado"],"jetpack_featured_media_url":"https:\/\/encuentroinformativo.com.mx\/wp-content\/uploads\/2021\/07\/CFA401F4-6C18-45C7-A9EA-ADA2B91D9394.jpeg","jetpack_sharing_enabled":true,"jetpack_likes_enabled":true,"amp_enabled":true,"_links":{"self":[{"href":"https:\/\/encuentroinformativo.com.mx\/index.php?rest_route=\/wp\/v2\/posts\/16269","targetHints":{"allow":["GET"]}}],"collection":[{"href":"https:\/\/encuentroinformativo.com.mx\/index.php?rest_route=\/wp\/v2\/posts"}],"about":[{"href":"https:\/\/encuentroinformativo.com.mx\/index.php?rest_route=\/wp\/v2\/types\/post"}],"author":[{"embeddable":true,"href":"https:\/\/encuentroinformativo.com.mx\/index.php?rest_route=\/wp\/v2\/users\/1"}],"replies":[{"embeddable":true,"href":"https:\/\/encuentroinformativo.com.mx\/index.php?rest_route=%2Fwp%2Fv2%2Fcomments&post=16269"}],"version-history":[{"count":1,"href":"https:\/\/encuentroinformativo.com.mx\/index.php?rest_route=\/wp\/v2\/posts\/16269\/revisions"}],"predecessor-version":[{"id":16271,"href":"https:\/\/encuentroinformativo.com.mx\/index.php?rest_route=\/wp\/v2\/posts\/16269\/revisions\/16271"}],"wp:featuredmedia":[{"embeddable":true,"href":"https:\/\/encuentroinformativo.com.mx\/index.php?rest_route=\/wp\/v2\/media\/16270"}],"wp:attachment":[{"href":"https:\/\/encuentroinformativo.com.mx\/index.php?rest_route=%2Fwp%2Fv2%2Fmedia&parent=16269"}],"wp:term":[{"taxonomy":"category","embeddable":true,"href":"https:\/\/encuentroinformativo.com.mx\/index.php?rest_route=%2Fwp%2Fv2%2Fcategories&post=16269"},{"taxonomy":"post_tag","embeddable":true,"href":"https:\/\/encuentroinformativo.com.mx\/index.php?rest_route=%2Fwp%2Fv2%2Ftags&post=16269"}],"curies":[{"name":"wp","href":"https:\/\/api.w.org\/{rel}","templated":true}]}}